{"id":44958,"date":"2019-07-07T11:50:02","date_gmt":"2019-07-07T15:50:02","guid":{"rendered":"https:\/\/linitiative.ca\/International\/une-ong-allemande-interdite-dans-les-eaux-maltaises-reclame-un-port\/"},"modified":"2019-07-07T11:50:02","modified_gmt":"2019-07-07T15:50:02","slug":"une-ong-allemande-interdite-dans-les-eaux-maltaises-reclame-un-port","status":"publish","type":"post","link":"https:\/\/linitiative.ca\/International\/une-ong-allemande-interdite-dans-les-eaux-maltaises-reclame-un-port\/","title":{"rendered":"Une ONG allemande, interdite dans les eaux maltaises, r\u00e9clame un port"},"content":{"rendered":"<div readability=\"32\">\n<p>Publi\u00e9 le 07.07.2019 \u00e0 16h50 par AFP<\/p>\n<\/div>\n<div readability=\"159\">\n<p>Un navire humanitaire d\u2019une ONG allemande, l\u2019Alan Kurdi, avec 65 migrants \u00e0 son bord, \u00e9tait positionn\u00e9 dimanche apr\u00e8s-midi au sud-est de Malte apr\u00e8s avoir renonc\u00e9 \u00e0 accoster en Italie et r\u00e9clamait un port s\u00fbr en d\u00e9crivant les malaises de ses passagers.<\/p>\n<p>Les autorit\u00e9s de La Valette ont interdit dimanche matin l\u2019entr\u00e9e dans les eaux territoriales maltaises du navire de l\u2019ONG allemande Sea-Eye, a indiqu\u00e9 un porte-parole des forces arm\u00e9es de Malte.<\/p>\n<p>Dimanche en milieu d\u2019apr\u00e8s-midi, le vaisseau allemand des ann\u00e9es 50 naviguait au sud-est de l\u2019\u00eele de Malte, selon un site de localisation par satellite.<\/p>\n<p>L\u2019ONG allemande a indiqu\u00e9 dans un tweet que trois personnes \u00e0 bord \u00e9tait terrass\u00e9es par la chaleur. \u00ab\u00a0Nous avons besoin urgemment d\u2019assistance m\u00e9dicale et d\u2019un port s\u00fbr, pour \u00e9viter le pire\u00a0\u00bb, \u00e9crit-elle.<\/p>\n<p>A Lampedusa, petite \u00eele au sud de la Sicile, proche de la Libye, d\u2019importantes forces de police avaient attendu samedi soir sur le quai l\u2019Alex, un voilier affr\u00e9t\u00e9 par le collectif italien de gauche et d\u2019extr\u00eame gauche Mediterranea, qui a d\u00e9fi\u00e9 l\u2019interdiction d\u2019accoster du ministre italien de l\u2019Int\u00e9rieur Matteo Salvini.<\/p>\n<p>L\u2019Alex, qui a accost\u00e9 de force, a finalement pu d\u00e9barquer une quarantaine de migrants dimanche au petit matin.<\/p>\n<p>\u2013 Arriv\u00e9e en force \u00e0 Lampedusa \u2013<\/p>\n<p>Le voilier a \u00e9t\u00e9 provisoirement saisi et son capitaine, Tommaso Stella, fait l\u2019objet d\u2019une enqu\u00eate pour soup\u00e7on d\u2019aide \u00e0 l\u2019immigration clandestine, ainsi que pour d\u00e9sob\u00e9issance, r\u00e9sistance ou violence \u00e0 l\u2019encontre de navires militaires, selon la porte-parole de Mediterranea, Alessandra Sciurba.<\/p>\n<p>Un d\u00e9cret-loi italien adopt\u00e9 en juin pr\u00e9voit des amendes jusqu\u2019\u00e0 50.000 euros contre le capitaine, le propri\u00e9taire et l\u2019armateur d\u2019un navire qui entrerait sans autorisation dans les eaux italiennes.<\/p>\n<p>\u00ab\u00a0Nous avons deux navires sous s\u00e9questre, l\u2019amende du d\u00e9cret \u00e0 payer en plus des frais l\u00e9gaux. (\u2026) Nous avons besoin d\u2019une aide \u00e9norme, car nous n\u2019avons certainement aucune intention de nous arr\u00eater\u00a0\u00bb, a d\u00e9clar\u00e9 dimanche \u00e0 Lampedusa Alessandra Sciurba devant la presse.<\/p>\n<p>Pour l\u2019organisation humanitaire, le voilier, con\u00e7u pour 18 passagers, n\u2019\u00e9tait aucunement en mesure de rejoindre Malte sans mettre ses passagers en danger.<\/p>\n<p>Mais le ministre de l\u2019Int\u00e9rieur Matteo Salvini a estim\u00e9 dimanche que l\u2019embarcation \u00ab\u00a0n\u2019avait aucun probl\u00e8me\u00a0\u00bb pour naviguer vers Malte.<\/p>\n<p>Pour l\u2019Alex, il avait en effet conclu avec Malte un accord pour faire d\u00e9barquer les migrants en \u00e9change du transfert vers l\u2019Italie d\u2019un nombre \u00e9quivalent de migrants accueillis pr\u00e9c\u00e9demment par La Valette.<\/p>\n<p>L\u2019Alex avait \u00e9t\u00e9 rejoint samedi par l\u2019Alan Kurdi (du nom du petit Syrien retrouv\u00e9 noy\u00e9 en Turquie en 2015) dans les eaux internationales au large de Lampedusa et comptait lui aussi d\u00e9barquer ses occupants dans le port italien. Mais il a finalement mis le cap vers Malte.<\/p>\n<p>Le ministre allemand de l\u2019Int\u00e9rieur Horst Seehofer avait tweet\u00e9 samedi que l\u2019Allemagne \u00e9tait pr\u00eate \u00e0 accueillir certains migrants recueillis par ces bateaux \u00ab\u00a0dans le cadre d\u2019une solution europ\u00e9enne de solidarit\u00e9\u00a0\u00bb.<\/p>\n<p>Matteo Salvini, l\u2019homme fort du gouvernement populiste au pouvoir en Italie depuis 13 mois, accuse les ONG d\u2019aider les passeurs. La fermeture des ports est approuv\u00e9e par 59% des Italiens, selon un sondage paru samedi.<\/p>\n<p>\u2013 D\u00e9barquements sans les ONG-<\/p>\n<p>La semaine derni\u00e8re, les autorit\u00e9s italiennes avaient saisi \u00e0 Lampedusa un navire d\u2019une ONG allemande, le Sea-Watch 3, et arr\u00eat\u00e9 sa capitaine, Carola Rackete, qui avait accost\u00e9 de force pour d\u00e9barquer 40 migrants secourus en mer.<\/p>\n<p>Une juge italienne a invalid\u00e9 mardi l\u2019arrestation de la capitaine au motif qu\u2019elle avait agi pour sauver des vies, mais la jeune allemande est toujours vis\u00e9e par deux enqu\u00eates, pour r\u00e9sistance \u00e0 un officier et pour aide \u00e0 l\u2019immigration clandestine.<\/p>\n<p>Pendant que l\u2019attention m\u00e9diatique s\u2019est focalis\u00e9e sur les bras de fer entre ces ONG et Matteo Salvini, concernant environ 150 migrants, il sont plus de 500 autres \u00e9trangers \u00e0 avoir d\u00e9barqu\u00e9 depuis deux semaines sans encombre sur les c\u00f4tes italiennes gr\u00e2ce \u00e0 des bateaux suffisamment solides, r\u00e9v\u00e8lent des statistiques officielles.<\/p>\n<p>Un voilier transportant 83 Pakistanais a accost\u00e9 samedi soir \u00e0 Taranto, dans les Pouilles (sud de l\u2019Italie), en provenance de Turquie. Un autre navire avec 73 Pakistanais est arriv\u00e9 dans la r\u00e9gion d\u00e9but juin.<\/p>\n<p>Voici quelques jours, une embarcation de 55 migrants a accost\u00e9 \u00e0 Lampedusa, rapporte aussi la presse. Beaucoup de petites barques et voiliers de Tunisie arrivent r\u00e9guli\u00e8rement en Sicile et en Sardaigne.<\/p>\n<\/div>\n<p>Auteur: AFP<br \/>\n<a href=\"https:\/\/www.journalducameroun.com\/une-ong-allemande-interdite-dans-les-eaux-maltaises-reclame-un-port\/\">Cliquez ici pour lire l&rsquo;article depuis sa source.<\/a><\/p>\n","protected":false},"excerpt":{"rendered":"<p>Publi\u00e9 le 07.07.2019 \u00e0 16h50 par AFP Un navire humanitaire d\u2019une ONG allemande, l\u2019Alan Kurdi, avec 65 migrants \u00e0 son bord, \u00e9tait positionn\u00e9 dimanche apr\u00e8s-midi au sud-est de Malte apr\u00e8s avoir renonc\u00e9 \u00e0 accoster en Italie et r\u00e9clamait un port s\u00fbr en d\u00e9crivant les malaises de ses passagers. Les autorit\u00e9s de La Valette ont interdit [&hellip;]<\/p>\n","protected":false},"author":1965,"featured_media":0,"comment_status":"closed","ping_status":"closed","sticky":false,"template":"","format":"standard","meta":{"fifu_image_url":"","fifu_image_alt":"","footnotes":""},"categories":[73,82],"tags":[],"class_list":["post-44958","post","type-post","status-publish","format-standard","hentry","category-actualite","category-cameroun"],"_links":{"self":[{"href":"https:\/\/linitiative.ca\/International\/wp-json\/wp\/v2\/posts\/44958","targetHints":{"allow":["GET"]}}],"collection":[{"href":"https:\/\/linitiative.ca\/International\/wp-json\/wp\/v2\/posts"}],"about":[{"href":"https:\/\/linitiative.ca\/International\/wp-json\/wp\/v2\/types\/post"}],"author":[{"embeddable":true,"href":"https:\/\/linitiative.ca\/International\/wp-json\/wp\/v2\/users\/1965"}],"replies":[{"embeddable":true,"href":"https:\/\/linitiative.ca\/International\/wp-json\/wp\/v2\/comments?post=44958"}],"version-history":[{"count":0,"href":"https:\/\/linitiative.ca\/International\/wp-json\/wp\/v2\/posts\/44958\/revisions"}],"wp:attachment":[{"href":"https:\/\/linitiative.ca\/International\/wp-json\/wp\/v2\/media?parent=44958"}],"wp:term":[{"taxonomy":"category","embeddable":true,"href":"https:\/\/linitiative.ca\/International\/wp-json\/wp\/v2\/categories?post=44958"},{"taxonomy":"post_tag","embeddable":true,"href":"https:\/\/linitiative.ca\/International\/wp-json\/wp\/v2\/tags?post=44958"}],"curies":[{"name":"wp","href":"https:\/\/api.w.org\/{rel}","templated":true}]}}