{"id":44959,"date":"2019-07-07T11:50:05","date_gmt":"2019-07-07T15:50:05","guid":{"rendered":"https:\/\/linitiative.ca\/International\/los-angeles-est-elle-prete-a-reagir-en-cas-de-big-one-devastateur\/"},"modified":"2019-07-07T11:50:05","modified_gmt":"2019-07-07T15:50:05","slug":"los-angeles-est-elle-prete-a-reagir-en-cas-de-big-one-devastateur","status":"publish","type":"post","link":"https:\/\/linitiative.ca\/International\/los-angeles-est-elle-prete-a-reagir-en-cas-de-big-one-devastateur\/","title":{"rendered":"Los Angeles est-elle pr\u00eate \u00e0 r\u00e9agir en cas de \u00ab\u00a0Big One\u00a0\u00bb d\u00e9vastateur ?"},"content":{"rendered":"<div readability=\"32\">\n<p>Publi\u00e9 le 07.07.2019 \u00e0 16h50 par AFP<\/p>\n<\/div>\n<div readability=\"145\">\n<p>Apr\u00e8s le tremblement de terre de jeudi qui a secou\u00e9 le sud de la Californie, Cristina Alhamad avait pr\u00e9par\u00e9 un sac d\u2019affaires pour son b\u00e9b\u00e9 d\u2019un mois et l\u2019avait plac\u00e9 pr\u00e8s de la porte, pour pouvoir \u00e9vacuer rapidement. Mais vendredi, dans la panique qui a suivi le second s\u00e9isme, encore plus puissant que le premier, elle a fui en l\u2019oubliant.<\/p>\n<p>\u00ab\u00a0J\u2019ai juste pris mon b\u00e9b\u00e9 et je suis partie\u00a0\u00bb, explique cette habitante de Los Angeles de 29 ans \u00e0 l\u2019AFP.<\/p>\n<p>\u00ab\u00a0J\u2019\u00e9tais sous le choc, je ne savais pas quoi faire\u00a0\u00bb.<\/p>\n<p>Comme elle, les habitants de Californie ont grandi avec une \u00e9p\u00e9e de Damocl\u00e8s au-dessus de la t\u00eate: la peur du \u00ab\u00a0Big One\u00a0\u00bb, ce s\u00e9isme d\u2019une magnitude telle qu\u2019il devrait d\u00e9vaster la Californie, Etat plac\u00e9 sur la faille de San Andreas et r\u00e9guli\u00e8rement sujet aux secousses, plus ou moins dangereuses.<\/p>\n<p>Les deux tremblements de terre de cette semaine (6,4 et 7,1 de magnitude), \u00e0 pr\u00e8s de 250 km de Los Angeles, ont raviv\u00e9 les craintes de cette catastrophe naturelle, souvent d\u00e9peinte dans la culture populaire comme d\u2019ampleur quasi-apocalyptique.<\/p>\n<p>Les responsables politiques ont appel\u00e9 les habitants \u00e0 se pr\u00e9parer pour d\u2019autres secousses, m\u00eame si la probabilit\u00e9 qu\u2019un nouveau s\u00e9isme de magnitude 7 ou sup\u00e9rieure se produise n\u2019est que de 3%, selon l\u2019institut am\u00e9ricain de g\u00e9ophysique USGS.<\/p>\n<p>\u00ab\u00a0Ce n\u2019est pas un exercice. Assurez-vous que vous et votre famille \u00eates pr\u00eats pour le +Big One+\u00a0\u00bb, a mis en garde sur Twitter l\u2019\u00e9lue de Californie Karen Bass, m\u00eame si \u00e0 Los Angeles, les d\u00e9g\u00e2ts ont \u00e9t\u00e9 minimes.<\/p>\n<p>Andrea Briceno, une habitante de la m\u00e9gapole californienne, a particip\u00e9 \u00e0 de nombreux exercices dans sa vie et garde chez elle un \u00ab\u00a0sac \u00e0 tremblement de terre\u00a0\u00bb rempli de vivres. Au cas o\u00f9.<\/p>\n<p>Et si la catastrophe arrive: \u00ab\u00a0Je n\u2019ai pas vraiment de plan, simplement rester sous le bureau \u00e0 la maison\u00a0\u00bb. Avec le sac \u00e0 tremblement de terre.<\/p>\n<p>\u2013 \u00ab\u00a0Rappel\u00a0\u00bb du danger \u2013<\/p>\n<p>Paradoxalement, avant le premier s\u00e9isme de jeudi, la Californie du sud connaissait une \u00ab\u00a0s\u00e9cheresse sismique\u00a0\u00bb avec aucun tremblement de terre \u00e0 une magnitude plus de 6 depuis 2010.<\/p>\n<p>Dans cette r\u00e9gion, \u00ab\u00a0les gens savent qu\u2019ils vivent dans une zone \u00e0 risque sismique, mais comme ils n\u2019en ont pas connu de gros depuis plusieurs ann\u00e9es, ils sont devenus n\u00e9gligents\u00a0\u00bb, explique John Bwarie, sp\u00e9cialiste en r\u00e9silience communautaire \u00e0 Los Angeles.<\/p>\n<p>Les deux secousses de la semaine sont \u00ab\u00a0un rappel\u00a0\u00bb du danger, ajoute-t-il.<\/p>\n<p>En janvier 1994, un violent s\u00e9isme de magnitude 6,7 a secou\u00e9 la r\u00e9gion de Los Angeles, faisant pr\u00e8s de 60 morts et plus de 9.000 bless\u00e9s.<\/p>\n<p>Depuis 2008, un exercice pratique de r\u00e9action en cas de catastrophe se tient tous les ans dans le sud de la Californie.<\/p>\n<p>Le maire de Los Angeles, Eric Garcetti, a pris des d\u00e9crets for\u00e7ant plus de 10.000 immeubles dans sa ville \u00e0 prendre des mesures pour renforcer leur s\u00e9curit\u00e9.<\/p>\n<p>Mais selon une \u00e9tude de 2008, moins de 20% des foyers en Californie du sud ont d\u2019eux-m\u00eames engag\u00e9 des travaux de protection ou souscrit des assurances contre les s\u00e9ismes.<\/p>\n<p>\u00ab\u00a0Si vous faites l\u2019inventaire des immeubles en Californie du sud, la plupart ne respectent pas forc\u00e9ment les normes modernes\u00a0\u00bb, d\u00e9taille Ken O\u2019Dell, pr\u00e9sident d\u2019une association californienne d\u2019ing\u00e9nieurs.<\/p>\n<p>Dans le cas d\u2019immeubles en b\u00e9tons construits avant les ann\u00e9es 1970, quand de nouvelles r\u00e8gles ont \u00e9t\u00e9 promulgu\u00e9es, \u00ab\u00a0on pourrait voir des \u00e9croulements\u00a0\u00bb en cas de fort tremblement de terre, ajoute-t-il.<\/p>\n<p>Depuis les secousses de vendredi, \u00ab\u00a0les gens ont moins confiance dans la r\u00e9sistance de leurs immeubles\u00a0\u00bb, assure-t-il. \u00ab\u00a0C\u2019est comme si nos esprits avaient \u00e9t\u00e9 plus secou\u00e9s que nos immeubles\u00a0\u00bb.<\/p>\n<\/div>\n<p>Auteur: AFP<br \/>\n<a href=\"https:\/\/www.journalducameroun.com\/los-angeles-est-elle-prete-a-reagir-en-cas-de-big-one-devastateur\/\">Cliquez ici pour lire l&rsquo;article depuis sa source.<\/a><\/p>\n","protected":false},"excerpt":{"rendered":"<p>Publi\u00e9 le 07.07.2019 \u00e0 16h50 par AFP Apr\u00e8s le tremblement de terre de jeudi qui a secou\u00e9 le sud de la Californie, Cristina Alhamad avait pr\u00e9par\u00e9 un sac d\u2019affaires pour son b\u00e9b\u00e9 d\u2019un mois et l\u2019avait plac\u00e9 pr\u00e8s de la porte, pour pouvoir \u00e9vacuer rapidement. Mais vendredi, dans la panique qui a suivi le second [&hellip;]<\/p>\n","protected":false},"author":1965,"featured_media":0,"comment_status":"closed","ping_status":"closed","sticky":false,"template":"","format":"standard","meta":{"fifu_image_url":"","fifu_image_alt":"","footnotes":""},"categories":[73,82],"tags":[],"class_list":["post-44959","post","type-post","status-publish","format-standard","hentry","category-actualite","category-cameroun"],"_links":{"self":[{"href":"https:\/\/linitiative.ca\/International\/wp-json\/wp\/v2\/posts\/44959","targetHints":{"allow":["GET"]}}],"collection":[{"href":"https:\/\/linitiative.ca\/International\/wp-json\/wp\/v2\/posts"}],"about":[{"href":"https:\/\/linitiative.ca\/International\/wp-json\/wp\/v2\/types\/post"}],"author":[{"embeddable":true,"href":"https:\/\/linitiative.ca\/International\/wp-json\/wp\/v2\/users\/1965"}],"replies":[{"embeddable":true,"href":"https:\/\/linitiative.ca\/International\/wp-json\/wp\/v2\/comments?post=44959"}],"version-history":[{"count":0,"href":"https:\/\/linitiative.ca\/International\/wp-json\/wp\/v2\/posts\/44959\/revisions"}],"wp:attachment":[{"href":"https:\/\/linitiative.ca\/International\/wp-json\/wp\/v2\/media?parent=44959"}],"wp:term":[{"taxonomy":"category","embeddable":true,"href":"https:\/\/linitiative.ca\/International\/wp-json\/wp\/v2\/categories?post=44959"},{"taxonomy":"post_tag","embeddable":true,"href":"https:\/\/linitiative.ca\/International\/wp-json\/wp\/v2\/tags?post=44959"}],"curies":[{"name":"wp","href":"https:\/\/api.w.org\/{rel}","templated":true}]}}