{"id":44960,"date":"2019-07-07T12:50:01","date_gmt":"2019-07-07T16:50:01","guid":{"rendered":"https:\/\/linitiative.ca\/International\/algerie-enquete-apres-une-video-montrant-des-manifestants-matraques\/"},"modified":"2019-07-07T12:50:01","modified_gmt":"2019-07-07T16:50:01","slug":"algerie-enquete-apres-une-video-montrant-des-manifestants-matraques","status":"publish","type":"post","link":"https:\/\/linitiative.ca\/International\/algerie-enquete-apres-une-video-montrant-des-manifestants-matraques\/","title":{"rendered":"Alg\u00e9rie: enqu\u00eate apr\u00e8s une vid\u00e9o montrant des manifestants matraqu\u00e9s"},"content":{"rendered":"<div readability=\"32\">\n<p>Publi\u00e9 le 07.07.2019 \u00e0 17h50 par AFP<\/p>\n<\/div>\n<div readability=\"73\">\n<p>La police alg\u00e9rienne a annonc\u00e9 dimanche l\u2019ouverture d\u2019une enqu\u00eate sur des violences pr\u00e9sum\u00e9es qui auraient eu lieu lors d\u2019une manifestation vendredi, apr\u00e8s la diffusion sur les r\u00e9seaux sociaux d\u2019une vid\u00e9o montrant des protestataires \u00eatre matraqu\u00e9s par des forces de l\u2019ordre.<\/p>\n<p>L\u2019Alg\u00e9rie est le th\u00e9\u00e2tre depuis le 22 f\u00e9vrier d\u2019un mouvement de contestation sans pr\u00e9c\u00e9dent qui a pouss\u00e9 le pr\u00e9sident Abdelaziz Bouteflika \u00e0 la d\u00e9mission en avril apr\u00e8s 20 ans au pouvoir.<\/p>\n<p>Ce mouvement r\u00e9clame d\u00e9sormais le d\u00e9part de l\u2019ensemble des acteurs du \u00ab\u00a0syst\u00e8me\u00a0\u00bb chaque vendredi lors de manifestations massives qui ont \u00e9t\u00e9 jusqu\u2019\u00e0 pr\u00e9sent accompagn\u00e9es de peu de violences.<\/p>\n<p>Dans un communiqu\u00e9 post\u00e9 sur sa page Facebook, la direction g\u00e9n\u00e9rale de la s\u00fbret\u00e9 nationale (DGSN) a indiqu\u00e9 que son directeur g\u00e9n\u00e9ral Abdelkader Kara Bouhadba avait ordonn\u00e9 l\u2019ouverture d\u2019une enqu\u00eate apr\u00e8s la diffusion \u00ab\u00a0une vid\u00e9o montrant des affrontements avec les forces de police, probablement lors de la manifestation de vendredi\u00a0\u00bb.<\/p>\n<p>La DGSN a soulign\u00e9 \u00ab\u00a0la n\u00e9cessit\u00e9 d\u2019enqu\u00eater (\u2026) pour d\u00e9terminer les responsabilit\u00e9s et prendre les mesures impos\u00e9es par la loi\u00a0\u00bb.<\/p>\n<p>Des \u00e9chauffour\u00e9es ont \u00e9maill\u00e9 la fin de la manifestation vendredi \u00e0 Alger quand des policiers ont arrach\u00e9 des drapeaux berb\u00e8res des mains de manifestants ou ceux accroch\u00e9s au sommet des r\u00e9verb\u00e8res pr\u00e8s de la Grande poste, point de ralliement des manifestants.<\/p>\n<p>La vid\u00e9o, largement diffus\u00e9e sur les r\u00e9seaux sociaux, montre notamment deux hommes \u00e0 terre en train de se faire rouer de coups par des policiers qui font aussi usage de leurs matraques.<\/p>\n<p>Le pr\u00e9sident int\u00e9rimaire Abdelakader Bensalah a propos\u00e9 mercredi un dialogue pour pr\u00e9parer la pr\u00e9sidentielle \u2013dont la date n\u2019est pas encore fix\u00e9e\u2013 dans lequel ni les autorit\u00e9s politiques ni l\u2019arm\u00e9e ne seraient impliqu\u00e9es, excluant aussi les personnalit\u00e9s \u00e0 l\u2019affiliation partisane.<\/p>\n<p>Cette proposition n\u2019a pas calm\u00e9 les manifestants qui ont de nouveau protest\u00e9 pour un 20e vendredi cons\u00e9cutif, r\u00e9clamant le d\u00e9part de tous les anciens fid\u00e8les du pr\u00e9sident d\u00e9chu.<\/p>\n<\/div>\n<p>Auteur: AFP<br \/>\n<a href=\"https:\/\/www.journalducameroun.com\/algerie-enquete-apres-une-video-montrant-des-manifestants-matraques\/\">Cliquez ici pour lire l&rsquo;article depuis sa source.<\/a><\/p>\n","protected":false},"excerpt":{"rendered":"<p>Publi\u00e9 le 07.07.2019 \u00e0 17h50 par AFP La police alg\u00e9rienne a annonc\u00e9 dimanche l\u2019ouverture d\u2019une enqu\u00eate sur des violences pr\u00e9sum\u00e9es qui auraient eu lieu lors d\u2019une manifestation vendredi, apr\u00e8s la diffusion sur les r\u00e9seaux sociaux d\u2019une vid\u00e9o montrant des protestataires \u00eatre matraqu\u00e9s par des forces de l\u2019ordre. L\u2019Alg\u00e9rie est le th\u00e9\u00e2tre depuis le 22 f\u00e9vrier [&hellip;]<\/p>\n","protected":false},"author":1965,"featured_media":0,"comment_status":"closed","ping_status":"closed","sticky":false,"template":"","format":"standard","meta":{"fifu_image_url":"","fifu_image_alt":"","footnotes":""},"categories":[73,82],"tags":[],"class_list":["post-44960","post","type-post","status-publish","format-standard","hentry","category-actualite","category-cameroun"],"_links":{"self":[{"href":"https:\/\/linitiative.ca\/International\/wp-json\/wp\/v2\/posts\/44960","targetHints":{"allow":["GET"]}}],"collection":[{"href":"https:\/\/linitiative.ca\/International\/wp-json\/wp\/v2\/posts"}],"about":[{"href":"https:\/\/linitiative.ca\/International\/wp-json\/wp\/v2\/types\/post"}],"author":[{"embeddable":true,"href":"https:\/\/linitiative.ca\/International\/wp-json\/wp\/v2\/users\/1965"}],"replies":[{"embeddable":true,"href":"https:\/\/linitiative.ca\/International\/wp-json\/wp\/v2\/comments?post=44960"}],"version-history":[{"count":0,"href":"https:\/\/linitiative.ca\/International\/wp-json\/wp\/v2\/posts\/44960\/revisions"}],"wp:attachment":[{"href":"https:\/\/linitiative.ca\/International\/wp-json\/wp\/v2\/media?parent=44960"}],"wp:term":[{"taxonomy":"category","embeddable":true,"href":"https:\/\/linitiative.ca\/International\/wp-json\/wp\/v2\/categories?post=44960"},{"taxonomy":"post_tag","embeddable":true,"href":"https:\/\/linitiative.ca\/International\/wp-json\/wp\/v2\/tags?post=44960"}],"curies":[{"name":"wp","href":"https:\/\/api.w.org\/{rel}","templated":true}]}}