{"id":44961,"date":"2019-07-07T13:50:02","date_gmt":"2019-07-07T17:50:02","guid":{"rendered":"https:\/\/linitiative.ca\/International\/lhomme-qui-aurait-du-devenir-le-premier-noir-africain-dans-lespace-meurt-dans-un-accident-de-moto\/"},"modified":"2019-07-07T13:50:02","modified_gmt":"2019-07-07T17:50:02","slug":"lhomme-qui-aurait-du-devenir-le-premier-noir-africain-dans-lespace-meurt-dans-un-accident-de-moto","status":"publish","type":"post","link":"https:\/\/linitiative.ca\/International\/lhomme-qui-aurait-du-devenir-le-premier-noir-africain-dans-lespace-meurt-dans-un-accident-de-moto\/","title":{"rendered":"L\u2019homme qui aurait d\u00fb devenir le premier noir africain dans l\u2019espace meurt dans un accident de moto"},"content":{"rendered":"<div readability=\"32\">\n<p>Publi\u00e9 le 07.07.2019 \u00e0 18h50 par AFP<\/p>\n<\/div>\n<div readability=\"60\">\n<p>Un Sud-Africain qui aurait d\u00fb devenir le premier noir africain dans l\u2019espace est mort dans un accident de moto, a annonc\u00e9 sa famille dimanche.<\/p>\n<p>Mandla Maseko, disc-jockey \u00e0 temps partiel, est mort \u00e0 l\u2019\u00e2ge de 30 ans samedi soir, selon une d\u00e9claration de la famille cit\u00e9e par plusieurs m\u00e9dias locaux.<\/p>\n<p>Surnomm\u00e9 \u00ab\u00a0l\u2019afronaute\u00a0\u00bb, il avait gagn\u00e9 en 2013 le droit d\u2019effectuer un vol de 103 kilom\u00e8tres dans l\u2019espace \u00e0 bord d\u2019un vaisseau spatial am\u00e9ricain Lynx Mark.<\/p>\n<p>Il avait battu un million d\u2019autres candidats venus de 75 pays. Il avait \u00e9t\u00e9 s\u00e9lectionn\u00e9 avec 22 autres personnes pour effectuer un voyage d\u2019une heure dans l\u2019espace.<\/p>\n<p>Mandla Maseko avait d\u00fb subir de nombreux tests d\u2019aptitude physiques et mentaux dans le cadre du concours organis\u00e9 par la AXE Apollo Space Academy qui \u00e9tait parrain\u00e9 par la soci\u00e9t\u00e9 anglo-n\u00e9erlandaise Unilever et une entreprise de tourisme spatial, Space Expedition Corporation (SEC). En guise d\u2019entra\u00eenement, il avait d\u00fb passer une semaine \u00e9prouvante \u00e0 la Kennedy Space Academy, en Floride: sauts en chute libre, vols \u00e0 bord d\u2019avions de combat et r\u00e9sistance \u00e0 l\u2019acc\u00e9l\u00e9ration.<\/p>\n<p>Il aurait d\u00fb voler en 2015 apr\u00e8s avoir remport\u00e9 le concours organis\u00e9 par la AXE Apollo Space Academy, mais cela ne s\u2019\u00e9tait pas mat\u00e9rialis\u00e9.<\/p>\n<\/div>\n<p>Auteur: AFP<br \/>\n<a href=\"https:\/\/www.journalducameroun.com\/lhomme-qui-aurait-du-devenir-le-premier-noir-africain-dans-lespace-meurt-dans-un-accident-de-moto\/\">Cliquez ici pour lire l&rsquo;article depuis sa source.<\/a><\/p>\n","protected":false},"excerpt":{"rendered":"<p>Publi\u00e9 le 07.07.2019 \u00e0 18h50 par AFP Un Sud-Africain qui aurait d\u00fb devenir le premier noir africain dans l\u2019espace est mort dans un accident de moto, a annonc\u00e9 sa famille dimanche. Mandla Maseko, disc-jockey \u00e0 temps partiel, est mort \u00e0 l\u2019\u00e2ge de 30 ans samedi soir, selon une d\u00e9claration de la famille cit\u00e9e par plusieurs [&hellip;]<\/p>\n","protected":false},"author":1965,"featured_media":0,"comment_status":"closed","ping_status":"closed","sticky":false,"template":"","format":"standard","meta":{"fifu_image_url":"","fifu_image_alt":"","footnotes":""},"categories":[73,82],"tags":[],"class_list":["post-44961","post","type-post","status-publish","format-standard","hentry","category-actualite","category-cameroun"],"_links":{"self":[{"href":"https:\/\/linitiative.ca\/International\/wp-json\/wp\/v2\/posts\/44961","targetHints":{"allow":["GET"]}}],"collection":[{"href":"https:\/\/linitiative.ca\/International\/wp-json\/wp\/v2\/posts"}],"about":[{"href":"https:\/\/linitiative.ca\/International\/wp-json\/wp\/v2\/types\/post"}],"author":[{"embeddable":true,"href":"https:\/\/linitiative.ca\/International\/wp-json\/wp\/v2\/users\/1965"}],"replies":[{"embeddable":true,"href":"https:\/\/linitiative.ca\/International\/wp-json\/wp\/v2\/comments?post=44961"}],"version-history":[{"count":0,"href":"https:\/\/linitiative.ca\/International\/wp-json\/wp\/v2\/posts\/44961\/revisions"}],"wp:attachment":[{"href":"https:\/\/linitiative.ca\/International\/wp-json\/wp\/v2\/media?parent=44961"}],"wp:term":[{"taxonomy":"category","embeddable":true,"href":"https:\/\/linitiative.ca\/International\/wp-json\/wp\/v2\/categories?post=44961"},{"taxonomy":"post_tag","embeddable":true,"href":"https:\/\/linitiative.ca\/International\/wp-json\/wp\/v2\/tags?post=44961"}],"curies":[{"name":"wp","href":"https:\/\/api.w.org\/{rel}","templated":true}]}}