{"id":44962,"date":"2019-07-07T15:50:02","date_gmt":"2019-07-07T19:50:02","guid":{"rendered":"https:\/\/linitiative.ca\/International\/sommet-ua-lancement-historique-de-la-zone-de-libre-echange-africaine\/"},"modified":"2019-07-07T15:50:02","modified_gmt":"2019-07-07T19:50:02","slug":"sommet-ua-lancement-historique-de-la-zone-de-libre-echange-africaine","status":"publish","type":"post","link":"https:\/\/linitiative.ca\/International\/sommet-ua-lancement-historique-de-la-zone-de-libre-echange-africaine\/","title":{"rendered":"Sommet UA: lancement \u00ab\u00a0historique\u00a0\u00bb de la zone de libre-\u00e9change africaine"},"content":{"rendered":"<div readability=\"32\">\n<p>Publi\u00e9 le 07.07.2019 \u00e0 20h50 par AFP<\/p>\n<\/div>\n<div readability=\"139\">\n<p>Les pays membres de l\u2019Union africaine (UA) ont lanc\u00e9 symboliquement dimanche \u00e0 Niamey la \u00ab\u00a0phase op\u00e9rationnelle\u00a0\u00bb de la Zone de libre-\u00e9change continentale africaine (Zlec), qui doit constituer un pas vers la \u00a0\u00bb paix et la prosp\u00e9rit\u00e9 en Afrique\u00a0\u00bb et devenir \u00ab\u00a0le plus grand espace commercial au monde\u00a0\u00bb.<\/p>\n<p>\u00ab\u00a0L\u2019entr\u00e9e en vigueur de la Zlec est l\u2019\u00e9v\u00e9nement le plus important dans la vie de notre continent depuis la cr\u00e9ation de l\u2019OUA (Organisation de l\u2019unit\u00e9 africaine) en 1963 et sa transformation en Union africaine\u00a0\u00bb, a affirm\u00e9 en ouverture du sommet l\u2019h\u00f4te nig\u00e9rien, le pr\u00e9sident Mahamadou Issoufou, un des plus ardents promoteurs de la zone.<\/p>\n<p>Plusieurs chefs d\u2019Etat se sont succ\u00e9d\u00e9 sur l\u2019estrade du sommet de l\u2019UA pour lancer les cinq \u00ab\u00a0instruments op\u00e9rationnels\u00a0\u00bb (\u00ab\u00a0syst\u00e8me de paiement num\u00e9rique\u00a0\u00bb, \u00ab\u00a0portail de suivi\u00a0\u00bb et \u00ab\u00a0r\u00e8gles d\u2019origine\u00a0\u00bb\u2026) avant que le pr\u00e9sident Issoufou ne d\u00e9voile une plaque lan\u00e7ant la Zlec.<\/p>\n<p>Quelque 4.500 d\u00e9l\u00e9gu\u00e9s et invit\u00e9s, dont 32 chefs d\u2019Etat et plus de 100 ministres, \u00e9taient pr\u00e9sents pour l\u2019\u00e9v\u00e9nement dans la capitale nig\u00e9rienne, sous haute surveillance, qui a fait peau neuve avec un a\u00e9roport flambant neuf, des routes \u00e9largies et de nouveaux h\u00f4tels et b\u00e2timents.<\/p>\n<p>\u2013 \u00ab\u00a0Un vieux r\u00eave se r\u00e9alise\u00a0\u00bb \u2013<\/p>\n<p>\u00ab\u00a0Un vieux r\u00eave se r\u00e9alise. Les p\u00e8res fondateurs doivent en \u00eatre fiers\u00a0\u00bb, a lanc\u00e9 le pr\u00e9sident de la commission de l\u2019Union africaine, Moussa Faki Mahamat.<\/p>\n<p>Le g\u00e9ant nig\u00e9rian, r\u00e9ticent jusque-l\u00e0, et son voisin le B\u00e9nin ont sign\u00e9 l\u2019accord dimanche en ouverture du sommet, sous les applaudissements de leurs homologues.<\/p>\n<p>54 des 55 pays africains vont constituer ce nouveau march\u00e9 dont le si\u00e8ge sera \u00e0 Accra.<\/p>\n<p>Seule l\u2019Erythr\u00e9e n\u2019a pas sign\u00e9 l\u2019accord mais a annonc\u00e9 qu\u2019elle \u00e9tait dispos\u00e9e \u00e0 le faire. Une \u00e9quipe d\u2019experts de l\u2019UA va se rendre prochainement dans ce pays.<\/p>\n<p>\u00ab\u00a0Le chemin est encore long\u00a0\u00bb, a comment\u00e9 le pr\u00e9sident \u00e9gyptien Abdel Fattah al-Sissi.<\/p>\n<p>D\u2019\u00e2pres n\u00e9gociations se poursuivaient dimanche en coulisses sur la mise en oeuvre progressive de la Zlec, qui doit r\u00e9unir 1,2 milliard de personnes.<\/p>\n<p>Les discussions achoppent notamment sur le calendrier des r\u00e9ductions des droits de douane et \u00ab\u00a0la vitesse \u00e0 laquelle on les fait baisser\u00a0\u00bb mais aussi sur la circulation de biens import\u00e9s de l\u2019\u00e9tranger, a confi\u00e9 une source diplomatique.<\/p>\n<p>Le march\u00e9 devrait \u00eatre actif \u00e0 partir du 1er juillet 2020. \u00ab\u00a0Il faut donner un calendrier pour que tout le monde puisse jouer son r\u00f4le dans la pr\u00e9paration du march\u00e9 (unique)\u00a0\u00bb, a expliqu\u00e9 le commissaire au Commerce et \u00e0 l\u2019Industrie de l\u2019UA, Albert Muchanga.<\/p>\n<p>\u2013 Lutte contre le jihad \u2013<\/p>\n<p>Chiedu Osakwe, le n\u00e9gociateur en chef nig\u00e9rian, souligne que la \u00ab\u00a0lib\u00e9ralisation du commerce doit s\u2019aligner sur des r\u00e9formes structurelles\u00a0\u00bb internes. \u00ab\u00a0Aucun pays ne va tout lib\u00e9raliser\u00a0\u00bb d\u2019un coup, souligne-t-il, pr\u00e9cisant que le processus devrait s\u2019\u00e9tendre sur plusieurs ann\u00e9es.<\/p>\n<p>\u00ab\u00a0Les pays les moins d\u00e9velopp\u00e9s ont dix ans pour supprimer les droits de douane. Un groupe de six pays (parmi les moins d\u00e9velopp\u00e9s, dont le Niger et le Malawi)\u00a0\u00bb a obtenu 15 ans, a pr\u00e9cis\u00e9 \u00e0 l\u2019AFP Cristina Chatima, directrice du commerce du Malawi.<\/p>\n<p>L\u2019UA estime que la Zlec permettra d\u2019augmenter de pr\u00e8s de 60% d\u2019ici \u00e0 2022 le commerce intra-africain et de donner un coup de fouet \u00e0 l\u2019ensemble de ses \u00e9conomies. Ses d\u00e9tracteurs \u00e9voquent le manque de compl\u00e9mentarit\u00e9 des \u00e9conomies et craignent que des importations bon march\u00e9 ne portent pr\u00e9judice aux petits producteurs agricoles et industriels.<\/p>\n<p>Parmi les autres dossiers abord\u00e9s lors de la journ\u00e9e: la lutte contre les jihadistes, la situation en Libye et au Soudan (suspendu de l\u2019UA) et l\u2019\u00e9migration.<\/p>\n<p>Les pays de la force G5-Sahel (Mali, Niger, Burkina Faso, Mauritanie, Tchad), qui peinent dans leur lutte contre les jihadistes en raison notamment du manque de ressources, ont demand\u00e9 l\u2019appui des autres Etats africains dans leur qu\u00eate d\u2019un plus grand soutien de l\u2019ONU.<\/p>\n<p>Le pr\u00e9sident Issoufou a appel\u00e9 samedi \u00e0 \u00ab\u00a0la mise en place d\u2019une coalition internationale de lutte contre le terrorisme au Sahel, \u00e0 l\u2019image de la coalition mise en place pour lutter contre Daech (groupe Etat islamique, NDLR) au Moyen-Orient\u00a0\u00bb.<\/p>\n<\/div>\n<p>Auteur: AFP<br \/>\n<a href=\"https:\/\/www.journalducameroun.com\/sommet-ua-lancement-historique-de-la-zone-de-libre-echange-africaine-5\/\">Cliquez ici pour lire l&rsquo;article depuis sa source.<\/a><\/p>\n","protected":false},"excerpt":{"rendered":"<p>Publi\u00e9 le 07.07.2019 \u00e0 20h50 par AFP Les pays membres de l\u2019Union africaine (UA) ont lanc\u00e9 symboliquement dimanche \u00e0 Niamey la \u00ab\u00a0phase op\u00e9rationnelle\u00a0\u00bb de la Zone de libre-\u00e9change continentale africaine (Zlec), qui doit constituer un pas vers la \u00a0\u00bb paix et la prosp\u00e9rit\u00e9 en Afrique\u00a0\u00bb et devenir \u00ab\u00a0le plus grand espace commercial au monde\u00a0\u00bb. \u00ab\u00a0L\u2019entr\u00e9e [&hellip;]<\/p>\n","protected":false},"author":1965,"featured_media":0,"comment_status":"closed","ping_status":"closed","sticky":false,"template":"","format":"standard","meta":{"fifu_image_url":"","fifu_image_alt":"","footnotes":""},"categories":[73,82],"tags":[],"class_list":["post-44962","post","type-post","status-publish","format-standard","hentry","category-actualite","category-cameroun"],"_links":{"self":[{"href":"https:\/\/linitiative.ca\/International\/wp-json\/wp\/v2\/posts\/44962","targetHints":{"allow":["GET"]}}],"collection":[{"href":"https:\/\/linitiative.ca\/International\/wp-json\/wp\/v2\/posts"}],"about":[{"href":"https:\/\/linitiative.ca\/International\/wp-json\/wp\/v2\/types\/post"}],"author":[{"embeddable":true,"href":"https:\/\/linitiative.ca\/International\/wp-json\/wp\/v2\/users\/1965"}],"replies":[{"embeddable":true,"href":"https:\/\/linitiative.ca\/International\/wp-json\/wp\/v2\/comments?post=44962"}],"version-history":[{"count":0,"href":"https:\/\/linitiative.ca\/International\/wp-json\/wp\/v2\/posts\/44962\/revisions"}],"wp:attachment":[{"href":"https:\/\/linitiative.ca\/International\/wp-json\/wp\/v2\/media?parent=44962"}],"wp:term":[{"taxonomy":"category","embeddable":true,"href":"https:\/\/linitiative.ca\/International\/wp-json\/wp\/v2\/categories?post=44962"},{"taxonomy":"post_tag","embeddable":true,"href":"https:\/\/linitiative.ca\/International\/wp-json\/wp\/v2\/tags?post=44962"}],"curies":[{"name":"wp","href":"https:\/\/api.w.org\/{rel}","templated":true}]}}