{"id":44964,"date":"2019-07-07T16:50:01","date_gmt":"2019-07-07T20:50:01","guid":{"rendered":"https:\/\/linitiative.ca\/International\/can-2019-madagascar-en-quarts-laventure-des-zebus-continue\/"},"modified":"2019-07-07T16:50:01","modified_gmt":"2019-07-07T20:50:01","slug":"can-2019-madagascar-en-quarts-laventure-des-zebus-continue","status":"publish","type":"post","link":"https:\/\/linitiative.ca\/International\/can-2019-madagascar-en-quarts-laventure-des-zebus-continue\/","title":{"rendered":"CAN-2019: Madagascar en quarts, l\u2019aventure des Z\u00e9bus continue"},"content":{"rendered":"<div readability=\"32\">\n<p>Publi\u00e9 le 07.07.2019 \u00e0 21h50 par AFP<\/p>\n<\/div>\n<div readability=\"83\">\n<p>On n\u2019arr\u00eate plus les Z\u00e9bus. Madagascar, novice \u00e0 la Coupe de Afrique des nations, est en quarts apr\u00e8s avoir \u00e9limin\u00e9 la RD Congo aux tirs au but (2-2, 4 tab \u00e0 2), dimanche \u00e0 Alexandrie.<\/p>\n<p>Sous les yeux du pr\u00e9sident malgache Andry Rajoelina, qui avait affr\u00e9t\u00e9 un avion sp\u00e9cial pour les supporteurs, l\u2019\u00e9quipe sensation de cette CAN a poursuivi son \u00e9pop\u00e9e au bout du suspense.<\/p>\n<p>Tout avait parfaitement commenc\u00e9 pour les joueurs du Fran\u00e7ais Nicolas Dupuis avec le but d\u00e8s la 9e minute d\u2019Ibrahim Amada sur une frappe limpide. Mais l\u2019ancien joueur de Sochaux et Villarreal C\u00e9dric Bakumbu a \u00e9galis\u00e9 de la t\u00eate (21e).<\/p>\n<p>En seconde p\u00e9riode, l\u2019attaquant de Clermont (L2) et capitaine malgache Faneva Andriatsima a redonn\u00e9 l\u2019avantage aux Z\u00e9bus (77e) qui ont cru tenir leur qualification jusqu\u2019\u00e0\u2026la 90e minute et l\u2019\u00e9galisation de Chancel Mbemba.<\/p>\n<p>Sur un corner, le d\u00e9fenseur de Porto a saut\u00e9 plus haut que tout le monde pour exp\u00e9dier le ballon de la t\u00eate au fond des filets et offrir la prolongation aux L\u00e9opards congolais, quarts-de-finalistes de la derni\u00e8re \u00e9dition et troisi\u00e8mes en 2015.<\/p>\n<p>\u2013 Morel a enfin jou\u00e9 \u2013<\/p>\n<p>Mbemba a eu la balle du 3-2 \u00e0 la 100e minute sur une action similaire. Enorme d\u00e9tente \u00e0 nouveau, puis t\u00eate, cette fois repouss\u00e9e par la main ferme du gardien malgache Melvin Adrien.<\/p>\n<p>Lors de la deuxi\u00e8me p\u00e9riode de la prolongation, le Lyonnais J\u00e9r\u00e9my Morel, pas encore align\u00e9 jusqu\u2019ici en raison d\u2019une entorse \u00e0 une cheville, est entr\u00e9 en jeu pour disputer ses premi\u00e8res minutes dans la comp\u00e9tition avec les Malgaches.<\/p>\n<p>Toujours \u00e0 \u00e9galit\u00e9 \u00e0 la fin des 120 minutes, les deux \u00e9quipes ont donc d\u00fb en passer par les tirs au but. Les Z\u00e9bus ont parfaitement assur\u00e9 dans cet exercice quand deux des cadres de la RDC Marcel Tisserand et Yannick Bolasie ont exp\u00e9di\u00e9 leurs frappes largement au-dessus du but.<\/p>\n<p>Formation la plus \u00e2g\u00e9e du tournoi (28,7 ans de moyenne d\u2019\u00e2ge), mais compl\u00e8tement inexp\u00e9riment\u00e9e \u00e0 la CAN, les Malgaches s\u2019offrent un cinqui\u00e8me match en Egypte. Ce sera contre le Ghana ou la Tunisie. Les \u00ab\u00a0vieux\u00a0\u00bb z\u00e9bus apprennent vite.<\/p>\n<\/div>\n<p>Auteur: AFP<br \/>\n<a href=\"https:\/\/www.journalducameroun.com\/can-2019-madagascar-en-quarts-laventure-des-zebus-continue\/\">Cliquez ici pour lire l&rsquo;article depuis sa source.<\/a><\/p>\n","protected":false},"excerpt":{"rendered":"<p>Publi\u00e9 le 07.07.2019 \u00e0 21h50 par AFP On n\u2019arr\u00eate plus les Z\u00e9bus. Madagascar, novice \u00e0 la Coupe de Afrique des nations, est en quarts apr\u00e8s avoir \u00e9limin\u00e9 la RD Congo aux tirs au but (2-2, 4 tab \u00e0 2), dimanche \u00e0 Alexandrie. Sous les yeux du pr\u00e9sident malgache Andry Rajoelina, qui avait affr\u00e9t\u00e9 un avion [&hellip;]<\/p>\n","protected":false},"author":1965,"featured_media":0,"comment_status":"closed","ping_status":"closed","sticky":false,"template":"","format":"standard","meta":{"fifu_image_url":"","fifu_image_alt":"","footnotes":""},"categories":[73,82],"tags":[],"class_list":["post-44964","post","type-post","status-publish","format-standard","hentry","category-actualite","category-cameroun"],"_links":{"self":[{"href":"https:\/\/linitiative.ca\/International\/wp-json\/wp\/v2\/posts\/44964","targetHints":{"allow":["GET"]}}],"collection":[{"href":"https:\/\/linitiative.ca\/International\/wp-json\/wp\/v2\/posts"}],"about":[{"href":"https:\/\/linitiative.ca\/International\/wp-json\/wp\/v2\/types\/post"}],"author":[{"embeddable":true,"href":"https:\/\/linitiative.ca\/International\/wp-json\/wp\/v2\/users\/1965"}],"replies":[{"embeddable":true,"href":"https:\/\/linitiative.ca\/International\/wp-json\/wp\/v2\/comments?post=44964"}],"version-history":[{"count":0,"href":"https:\/\/linitiative.ca\/International\/wp-json\/wp\/v2\/posts\/44964\/revisions"}],"wp:attachment":[{"href":"https:\/\/linitiative.ca\/International\/wp-json\/wp\/v2\/media?parent=44964"}],"wp:term":[{"taxonomy":"category","embeddable":true,"href":"https:\/\/linitiative.ca\/International\/wp-json\/wp\/v2\/categories?post=44964"},{"taxonomy":"post_tag","embeddable":true,"href":"https:\/\/linitiative.ca\/International\/wp-json\/wp\/v2\/tags?post=44964"}],"curies":[{"name":"wp","href":"https:\/\/api.w.org\/{rel}","templated":true}]}}