{"id":44971,"date":"2019-07-07T11:12:58","date_gmt":"2019-07-07T15:12:58","guid":{"rendered":"https:\/\/linitiative.ca\/International\/modernisation-deux-nouvelles-dragues-annoncees-au-pad\/"},"modified":"2019-07-07T11:12:58","modified_gmt":"2019-07-07T15:12:58","slug":"modernisation-deux-nouvelles-dragues-annoncees-au-pad","status":"publish","type":"post","link":"https:\/\/linitiative.ca\/International\/modernisation-deux-nouvelles-dragues-annoncees-au-pad\/","title":{"rendered":"Modernisation : deux nouvelles dragues annonc\u00e9es au PAD"},"content":{"rendered":"<div class=\"featured-area featured-area-inner\"><img loading=\"lazy\" decoding=\"async\" width=\"780\" height=\"405\" src=\"https:\/\/i0.wp.com\/ecomatin.net\/wp-content\/uploads\/2019\/06\/ecomatin.net-transport-le-nouveau-concessionnaire-du-terminal-a-conteneurs-du-port-de-douala-sera-choisi-demain-pad-3.jpg?resize=780%2C405&#038;ssl=1&#038;is-pending-load=1\" class=\"attachment-jannah-image-post size-jannah-image-post wp-post-image jetpack-lazy-image\" alt=\"\" data-attachment-id=\"9072\" data-permalink=\"https:\/\/ecomatin.net\/le-nouveau-concessionnaire-du-terminal-a-conteneurs-du-port-de-douala-sera-choisi-demain\/pad-3\/\" data-orig-file=\"https:\/\/i0.wp.com\/ecomatin.net\/wp-content\/uploads\/2019\/06\/ecomatin.net-transport-le-nouveau-concessionnaire-du-terminal-a-conteneurs-du-port-de-douala-sera-choisi-demain-pad-3.jpg?fit=1080%2C608&#038;ssl=1\" data-orig-size=\"1080,608\" data-comments-opened=\"0\" data-image-meta=\"{\"aperture\":\"0\",\"credit\":\"\",\"camera\":\"\",\"caption\":\"\",\"created_timestamp\":\"0\",\"copyright\":\"\",\"focal_length\":\"0\",\"iso\":\"0\",\"shutter_speed\":\"0\",\"title\":\"\",\"orientation\":\"0\"}\" data-image-title=\"Pad 3\" data-image-description=\"\" data-medium-file=\"https:\/\/i0.wp.com\/ecomatin.net\/wp-content\/uploads\/2019\/06\/ecomatin.net-transport-le-nouveau-concessionnaire-du-terminal-a-conteneurs-du-port-de-douala-sera-choisi-demain-pad-3.jpg?fit=300%2C169&#038;ssl=1\" data-large-file=\"https:\/\/i0.wp.com\/ecomatin.net\/wp-content\/uploads\/2019\/06\/ecomatin.net-transport-le-nouveau-concessionnaire-du-terminal-a-conteneurs-du-port-de-douala-sera-choisi-demain-pad-3.jpg?fit=1024%2C576&#038;ssl=1\" srcset=\"data:image\/gif;base64,R0lGODlhAQABAIAAAAAAAP\/\/\/yH5BAEAAAAALAAAAAABAAEAAAIBRAA7\"\/><\/div>\n<div class=\"entry-content entry clearfix\" readability=\"64.9855233853\">\n<p>De bonnes nouvelles donc en perspective pour le port de Douala. Parmi les projets phares impl\u00e9ment\u00e9s par la direction g\u00e9n\u00e9rale du <strong>Port Autonome de Douala (PAD<\/strong>), dans le cadre de la modernisation et de la comp\u00e9titivit\u00e9 de cette infrastructure portuaire, Il y a le projet d\u2019autonomisation du dragage de chenal du port de Douala-Bonab\u00e9ri. Une autonomisation qui, en dehors de la r\u00e9duction des d\u00e9penses, devrait avoir un impact direct sur l\u2019attractivit\u00e9 et la comp\u00e9titivit\u00e9 du port de Douala-Bonab\u00e9ri. Avec l\u2019appui du gouvernement, informe-t-on au PAD, deux dragues sont en cours d\u2019acquisition. Une drague aspiratrice en marche de <strong>3000 m3<\/strong> et une drague aspiratrice stationnaire, dont la fabrication est achev\u00e9e et les tests effectu\u00e9s la semaine derni\u00e8re ont \u00e9t\u00e9 concluants. Leur r\u00e9ception est annonc\u00e9e par les quatre semaines \u00e0 venir. A ces acquisitions nouvelles, ajoute-t-on, la drague polyvalente \u00ab <em>Chantal Biya<\/em> \u00bb est en cours de r\u00e9habilitation dans les ateliers du Chantier Naval et Industriel du Cameroun. C\u2019est dire que dans les jours \u00e0 venir, le probl\u00e8me de dragage du chenal et des pieds de quai va trouver une solution d\u00e9finitive, affirme-t-on au PAD. Il s\u2019agit donc ici, pour le PAD de ma\u00eetriser l\u2019exploitation du port et de d\u00e9gager des b\u00e9n\u00e9fices cons\u00e9quents. Ceci ajout\u00e9 \u00e0 l\u2019op\u00e9ration d\u2019enl\u00e8vement des \u00e9paves qui jonchaient les quais, les darses et les plans d\u2019eau, le port de Douala-Bonab\u00e9ri va gagner en fluidit\u00e9, en exploitabilit\u00e9 et en navigabilit\u00e9.<\/p>\n<hr\/>\n<h4><strong>>> Lire aussi \u2013 <a title=\"Infrastructure portuaire: une nouvelle impulsion pour le Port Autonome de Douala.\" href=\"https:\/\/ecomatin.net\/infrastructure-portuaire-une-nouvelle-impulsion-pour-le-port-autonome-de-douala\/\" target=\"_blank\" rel=\"noopener noreferrer\">Infrastructure portuaire: une nouvelle impulsion pour le Port Autonome de Douala.<\/a><br \/><\/strong><\/h4>\n<hr\/>\n<p>Depuis f\u00e9vrier 2018, le PAD a engag\u00e9 des discussions avec le leader mondial am\u00e9ricain, <strong>Dredging Supply Company<\/strong> pour la livraison de deux dragues. Gr\u00e2ce \u00e0 ce mat\u00e9riel, le PAD compte r\u00e9aliser, en une ann\u00e9e, une \u00e9conomie de plus de <strong>5 milliards de FCFA<\/strong> hors amortissements. Ces fonds pourraient permettre de r\u00e9aliser le dragage des plans d\u2019eaux et pieds de quais sur au moins trois ans, selon l\u2019autorit\u00e9 portuaire de Douala. La plateforme actuelle du port de Douala a \u00e9t\u00e9 \u00e9difi\u00e9e en 1980 et dimensionn\u00e9e pour traiter un trafic annuel d\u2019environ <strong>7 millions de tonnes<\/strong> de marchandises. Seulement, cette capacit\u00e9 est aujourd\u2019hui d\u00e9pass\u00e9e, puisqu\u2019elle traite environ <strong>12 millions de tonnes<\/strong> de marchandises. En plus, l\u2019on note une forte d\u00e9gradation des infrastructures portuaires, l\u2019envahissement de certains quais par des \u00e9paves de navires, l\u2019envasement et l\u2019ensablement des plans d\u2019eau, etc.<\/p>\n<div class=\"about-author about-author-box container-wrapper\">\n<div class=\"author-avatar\">\n<p><img decoding=\"async\" src=\"http:\/\/\" alt=\"\"\/><\/p>\n<\/div>\n<p><h4>La R\u00e9daction EcoMatin<\/h4>\n<\/p>\n<\/div>\n<div class=\"awac-wrapper awac widget blog_subscription-2\">\n<h4 class=\"widget-title\">Abonnez-vous \u00e0 notre lettre d&rsquo;information<\/h4>\n<\/div>\n<\/div>\n<div class=\"toggle-post-content clearfix\"><a id=\"toggle-post-button\" class=\"button\" href=\"#\">Afficher plus <\/a><\/div>\n<p>Auteur: EcoMatin<br \/>\n<a href=\"https:\/\/ecomatin.net\/modernisation-deux-nouvelles-dragues-annoncees-au-pad\/\">Cliquez ici pour lire l&rsquo;article depuis sa source.<\/a><\/p>\n","protected":false},"excerpt":{"rendered":"<p>De bonnes nouvelles donc en perspective pour le port de Douala. Parmi les projets phares impl\u00e9ment\u00e9s par la direction g\u00e9n\u00e9rale du Port Autonome de Douala (PAD), dans le cadre de la modernisation et de la comp\u00e9titivit\u00e9 de cette infrastructure portuaire, Il y a le projet d\u2019autonomisation du dragage de chenal du port de Douala-Bonab\u00e9ri. Une [&hellip;]<\/p>\n","protected":false},"author":1969,"featured_media":0,"comment_status":"closed","ping_status":"closed","sticky":false,"template":"","format":"standard","meta":{"fifu_image_url":"","fifu_image_alt":"","footnotes":""},"categories":[82,78],"tags":[],"class_list":["post-44971","post","type-post","status-publish","format-standard","hentry","category-cameroun","category-economie"],"_links":{"self":[{"href":"https:\/\/linitiative.ca\/International\/wp-json\/wp\/v2\/posts\/44971","targetHints":{"allow":["GET"]}}],"collection":[{"href":"https:\/\/linitiative.ca\/International\/wp-json\/wp\/v2\/posts"}],"about":[{"href":"https:\/\/linitiative.ca\/International\/wp-json\/wp\/v2\/types\/post"}],"author":[{"embeddable":true,"href":"https:\/\/linitiative.ca\/International\/wp-json\/wp\/v2\/users\/1969"}],"replies":[{"embeddable":true,"href":"https:\/\/linitiative.ca\/International\/wp-json\/wp\/v2\/comments?post=44971"}],"version-history":[{"count":0,"href":"https:\/\/linitiative.ca\/International\/wp-json\/wp\/v2\/posts\/44971\/revisions"}],"wp:attachment":[{"href":"https:\/\/linitiative.ca\/International\/wp-json\/wp\/v2\/media?parent=44971"}],"wp:term":[{"taxonomy":"category","embeddable":true,"href":"https:\/\/linitiative.ca\/International\/wp-json\/wp\/v2\/categories?post=44971"},{"taxonomy":"post_tag","embeddable":true,"href":"https:\/\/linitiative.ca\/International\/wp-json\/wp\/v2\/tags?post=44971"}],"curies":[{"name":"wp","href":"https:\/\/api.w.org\/{rel}","templated":true}]}}