{"id":44972,"date":"2019-07-07T11:18:52","date_gmt":"2019-07-07T15:18:52","guid":{"rendered":"https:\/\/linitiative.ca\/International\/afreximbank-veut-construire-son-siege-sous-regional-au-cameroun\/"},"modified":"2019-07-07T11:18:52","modified_gmt":"2019-07-07T15:18:52","slug":"afreximbank-veut-construire-son-siege-sous-regional-au-cameroun","status":"publish","type":"post","link":"https:\/\/linitiative.ca\/International\/afreximbank-veut-construire-son-siege-sous-regional-au-cameroun\/","title":{"rendered":"Afreximbank veut construire son si\u00e8ge sous r\u00e9gional au Cameroun"},"content":{"rendered":"<div class=\"featured-area featured-area-inner\"><img loading=\"lazy\" decoding=\"async\" width=\"780\" height=\"405\" src=\"https:\/\/i2.wp.com\/ecomatin.net\/wp-content\/uploads\/2019\/06\/ecomatin.net-afreximbank-veut-construire-son-siege-sous-regional-au-cameroun-afreximbank.jpeg?resize=780%2C405&#038;ssl=1&#038;is-pending-load=1\" class=\"attachment-jannah-image-post size-jannah-image-post wp-post-image jetpack-lazy-image\" alt=\"\" data-attachment-id=\"9635\" data-permalink=\"https:\/\/ecomatin.net\/afreximbank-veut-construire-son-siege-sous-regional-au-cameroun\/afreximbank\/\" data-orig-file=\"https:\/\/i2.wp.com\/ecomatin.net\/wp-content\/uploads\/2019\/06\/ecomatin.net-afreximbank-veut-construire-son-siege-sous-regional-au-cameroun-afreximbank.jpeg?fit=2048%2C1310&#038;ssl=1\" data-orig-size=\"2048,1310\" data-comments-opened=\"0\" data-image-meta=\"{\"aperture\":\"2.8\",\"credit\":\"\",\"camera\":\"DSC-P200\",\"caption\":\"\",\"created_timestamp\":\"1180983526\",\"copyright\":\"\",\"focal_length\":\"7.9\",\"iso\":\"100\",\"shutter_speed\":\"0.066666666666667\",\"title\":\"\",\"orientation\":\"1\"}\" data-image-title=\"Afreximbank\" data-image-description=\"\" data-medium-file=\"https:\/\/i2.wp.com\/ecomatin.net\/wp-content\/uploads\/2019\/06\/ecomatin.net-afreximbank-veut-construire-son-siege-sous-regional-au-cameroun-afreximbank.jpeg?fit=300%2C192&#038;ssl=1\" data-large-file=\"https:\/\/i2.wp.com\/ecomatin.net\/wp-content\/uploads\/2019\/06\/ecomatin.net-afreximbank-veut-construire-son-siege-sous-regional-au-cameroun-afreximbank.jpeg?fit=1024%2C655&#038;ssl=1\" data-lazy-srcset=\"https:\/\/i2.wp.com\/ecomatin.net\/wp-content\/uploads\/2019\/06\/ecomatin.net-afreximbank-veut-construire-son-siege-sous-regional-au-cameroun-afreximbank.jpeg?resize=780%2C405&#038;ssl=1 780w, https:\/\/i2.wp.com\/ecomatin.net\/wp-content\/uploads\/2019\/06\/ecomatin.net-afreximbank-veut-construire-son-siege-sous-regional-au-cameroun-afreximbank.jpeg?zoom=2&#038;resize=780%2C405&#038;ssl=1 1560w\" data-lazy-sizes=\"(max-width: 780px) 100vw, 780px\" srcset=\"data:image\/gif;base64,R0lGODlhAQABAIAAAAAAAP\/\/\/yH5BAEAAAAALAAAAAABAAEAAAIBRAA7\"\/><\/div>\n<div class=\"entry-content entry clearfix\" readability=\"53\">\n<p>C\u2019est au Cameroun que la <strong>Banque africaine d\u2019import-export<\/strong> (<strong>Afreximbank<\/strong>) projette \u00e9riger son si\u00e8ge Afrique centrale, susurre une source proche du dossier, alors que la Banque n\u2019en a pas encore fait l\u2019annonce officielle. Cette d\u00e9cision du Conseil d\u2019administration, selon la m\u00eame source a \u00e9t\u00e9 ent\u00e9rin\u00e9e lors des r\u00e9unions qui ont pr\u00e9c\u00e9d\u00e9 la 26\u00e8me \u00e9dition des assembl\u00e9es annuelles d\u2019Afreximbank qui se tient \u00e0 Moscou du 20 au 22 juin. \u00ab <em>Les actionnaires ont d\u00e9j\u00e0 donn\u00e9 leur accord. Le reste n\u2019est plus qu\u2019une question de formalit\u00e9<\/em>\u00bb, d\u00e9clare notre source.<br \/>Cr\u00e9\u00e9e en 1993, Afreximbank finance et promeut le commerce intra et extra-africain. En 26 ans d\u2019existence, la banque est ainsi devenue le bras financier des entreprises importatrices et exportatrices du continent. Afreximbank dispose d\u00e9j\u00e0 d\u2019un bureau \u00e0 Harare au Zimbabwe qui couvre l\u2019Afrique australe. L\u2019antenne nig\u00e9riane g\u00e8re les affaires en Afrique de l\u2019Ouest anglophone, tandis que le bureau d\u2019Abidjan chapeautait jusque-l\u00e0 les activit\u00e9s de la banque dans les pays francophones d\u2019Afrique de l\u2019Ouest et du Centre. \u00ab <em>Avec la cr\u00e9ation du bureau du Cameroun, celui de la C\u00f4te d\u2019Ivoire se focalisera sur les pays d\u2019Afrique de l\u2019Ouest francophon<\/em>e \u00bb, pr\u00e9cise la source.<br \/>Il y a plusieurs mois, Afreximbank avait lanc\u00e9 un appel d\u2019offres pour l\u2019ouverture de son bureau Afrique centrale. Toutefois, les candidats ne se sont pas bouscul\u00e9s au portillon. \u00ab Seuls des pays comme le Gabon, le Congo Brazzaville et la RDC avaient manifest\u00e9 leur int\u00e9r\u00eat. Le Cameroun avait m\u00eame r\u00e9agi tr\u00e8s tard, un mois et demi apr\u00e8s. Et c\u2019est lui qui l\u2019a finalement remport\u00e9. Il se trouve que c\u2019est l\u2019\u00e9conomie la plus diversifi\u00e9e de la sous-r\u00e9gion et donc la mieux repr\u00e9sentative du commerce dans la sous-r\u00e9gion \u00bb, d\u00e9taille la source.<br \/>En effet, le Cameroun est \u00e0 ce jour l\u2019\u00e9conomie la plus r\u00e9siliente et surtout la plus diversifi\u00e9e d\u2019Afrique centrale. Avec une croissance du PIB \u00e0 <strong>4,2%<\/strong> en 2018, le pays devance ses voisins tels que le Gabon (<strong>2%<\/strong>), dont les \u00e9conomies sont toutes d\u00e9pendantes des ressources de leur sous-sol. L\u2019installation du bureau r\u00e9gional d\u2019Afreximbank au Cameroun a le potentiel de renforcer l\u2019influence du pays dans le commerce international.<\/p>\n<div class=\"about-author about-author-box container-wrapper\">\n<div class=\"author-avatar\">\n<p><img decoding=\"async\" src=\"http:\/\/\" alt=\"\"\/><\/p>\n<\/div>\n<p><h4>La R\u00e9daction EcoMatin<\/h4>\n<\/p>\n<\/div>\n<div class=\"awac-wrapper awac widget blog_subscription-2\">\n<h4 class=\"widget-title\">Abonnez-vous \u00e0 notre lettre d&rsquo;information<\/h4>\n<\/div>\n<\/div>\n<div class=\"toggle-post-content clearfix\"><a id=\"toggle-post-button\" class=\"button\" href=\"#\">Afficher plus <\/a><\/div>\n<p>Auteur: EcoMatin<br \/>\n<a href=\"https:\/\/ecomatin.net\/afreximbank-veut-construire-son-siege-sous-regional-au-cameroun\/\">Cliquez ici pour lire l&rsquo;article depuis sa source.<\/a><\/p>\n","protected":false},"excerpt":{"rendered":"<p>C\u2019est au Cameroun que la Banque africaine d\u2019import-export (Afreximbank) projette \u00e9riger son si\u00e8ge Afrique centrale, susurre une source proche du dossier, alors que la Banque n\u2019en a pas encore fait l\u2019annonce officielle. Cette d\u00e9cision du Conseil d\u2019administration, selon la m\u00eame source a \u00e9t\u00e9 ent\u00e9rin\u00e9e lors des r\u00e9unions qui ont pr\u00e9c\u00e9d\u00e9 la 26\u00e8me \u00e9dition des assembl\u00e9es [&hellip;]<\/p>\n","protected":false},"author":1969,"featured_media":0,"comment_status":"closed","ping_status":"closed","sticky":false,"template":"","format":"standard","meta":{"fifu_image_url":"","fifu_image_alt":"","footnotes":""},"categories":[82,78],"tags":[],"class_list":["post-44972","post","type-post","status-publish","format-standard","hentry","category-cameroun","category-economie"],"_links":{"self":[{"href":"https:\/\/linitiative.ca\/International\/wp-json\/wp\/v2\/posts\/44972","targetHints":{"allow":["GET"]}}],"collection":[{"href":"https:\/\/linitiative.ca\/International\/wp-json\/wp\/v2\/posts"}],"about":[{"href":"https:\/\/linitiative.ca\/International\/wp-json\/wp\/v2\/types\/post"}],"author":[{"embeddable":true,"href":"https:\/\/linitiative.ca\/International\/wp-json\/wp\/v2\/users\/1969"}],"replies":[{"embeddable":true,"href":"https:\/\/linitiative.ca\/International\/wp-json\/wp\/v2\/comments?post=44972"}],"version-history":[{"count":0,"href":"https:\/\/linitiative.ca\/International\/wp-json\/wp\/v2\/posts\/44972\/revisions"}],"wp:attachment":[{"href":"https:\/\/linitiative.ca\/International\/wp-json\/wp\/v2\/media?parent=44972"}],"wp:term":[{"taxonomy":"category","embeddable":true,"href":"https:\/\/linitiative.ca\/International\/wp-json\/wp\/v2\/categories?post=44972"},{"taxonomy":"post_tag","embeddable":true,"href":"https:\/\/linitiative.ca\/International\/wp-json\/wp\/v2\/tags?post=44972"}],"curies":[{"name":"wp","href":"https:\/\/api.w.org\/{rel}","templated":true}]}}