{"id":44973,"date":"2019-07-07T16:11:11","date_gmt":"2019-07-07T20:11:11","guid":{"rendered":"https:\/\/linitiative.ca\/International\/une-ecomatin-n256-actuellement-en-kiosque\/"},"modified":"2019-07-07T16:11:11","modified_gmt":"2019-07-07T20:11:11","slug":"une-ecomatin-n256-actuellement-en-kiosque","status":"publish","type":"post","link":"https:\/\/linitiative.ca\/International\/une-ecomatin-n256-actuellement-en-kiosque\/","title":{"rendered":"Une EcoMatin N\u00b0256 actuellement en kiosque"},"content":{"rendered":"<h4><span class=\"c2\"><strong><a href=\"https:\/\/i1.wp.com\/ecomatin.net\/wp-content\/uploads\/2019\/07\/ecomatin.net-couv-n256-du-lundi-08-juillet-2019-1.jpg?ssl=1\"><\/p>\n<p><img loading=\"lazy\" decoding=\"async\" data-attachment-id=\"9307\" data-permalink=\"https:\/\/ecomatin.net\/couv-n253-du-mercredi-26-juin-2019-1\/\" data-orig-file=\"https:\/\/i1.wp.com\/ecomatin.net\/wp-content\/uploads\/2019\/06\/ecomatin.net-couv-n253-du-mercredi-26-juin-2019-1.jpg?fit=1723%2C2362&#038;ssl=1\" data-orig-size=\"1723,2362\" data-comments-opened=\"0\" data-image-meta=\"{\"aperture\":\"0\",\"credit\":\"\",\"camera\":\"\",\"caption\":\"\",\"created_timestamp\":\"0\",\"copyright\":\"\",\"focal_length\":\"0\",\"iso\":\"0\",\"shutter_speed\":\"0\",\"title\":\"\",\"orientation\":\"1\"}\" data-image-title=\"couv-N\u00b0253 du mercredi 26 juin 2019-1\" data-image-description=\"\" data-medium-file=\"https:\/\/i1.wp.com\/ecomatin.net\/wp-content\/uploads\/2019\/06\/ecomatin.net-couv-n253-du-mercredi-26-juin-2019-1.jpg?fit=219%2C300&#038;ssl=1\" data-large-file=\"https:\/\/i1.wp.com\/ecomatin.net\/wp-content\/uploads\/2019\/06\/ecomatin.net-couv-n253-du-mercredi-26-juin-2019-1.jpg?fit=747%2C1024&#038;ssl=1\" class=\"wp-image-9307 alignleft\" src=\"https:\/\/i1.wp.com\/ecomatin.net\/wp-content\/uploads\/2019\/07\/ecomatin.net-couv-n256-du-lundi-08-juillet-2019-1.jpg?resize=276%2C378&#038;ssl=1\" alt=\"\" width=\"276\" height=\"378\" data-recalc-dims=\"1\"\/><\/p>\n<p><\/a><\/strong><\/span><\/h4>\n<h4><span class=\"c2\"><strong>A la<\/strong> <strong>une:<\/strong><\/span><\/h4>\n<p><strong><span class=\"c4\"><span class=\"c3\">\u2013<\/span><\/span><\/strong> <strong><span class=\"c5\">T\u00e9l\u00e9phonie mobile : o\u00f9 est pass\u00e9 l\u2019audit des concessions d\u2019Orange, Mtn et Nexttel ?<\/span><\/strong><\/p>\n<h4><span class=\"c3\">Banques et Finances<\/span><\/h4>\n<p><span class=\"c5\"><span class=\"c3\">\u2013<\/span> Changes : la Beac sensibilise sur la nouvelle r\u00e9glementation<\/span><br \/><span class=\"c5\"><span class=\"c3\">\u2013<\/span> Emploi et formation professionnelle : la SCB rassure Issa Tchiroma Bakary<\/span><\/p>\n<h4><span class=\"c3\">Business<\/span><\/h4>\n<p><span class=\"c6\">\u2013<\/span> <span class=\"c7\">Th\u00e9ophile G\u00e9rard Moulong : \u00abUn sinistre comme celui [de la Sonara] peut \u00eatre difficile \u00e0 r\u00e9parer\u00bb<\/span><br \/><span class=\"c6\">\u2013<\/span> <span class=\"c7\">Port de Douala : vers une version relook\u00e9e du Duc-d\u2019Albe p\u00e9trolier<\/span><\/p>\n<h4><span class=\"c3\">Politiques publiques<\/span><\/h4>\n<p><span class=\"c6\">\u2013<\/span> <span class=\"c7\">Finances publiques : la r\u00e9forme des comptes d\u2019affectation sp\u00e9ciale aura lieu<\/span><\/p>\n<h4><span class=\"c3\">Conjoncture<\/span><\/h4>\n<p><span class=\"c6\">\u2013<\/span> <span class=\"c7\">Foire : la question de la conservation des produits locaux s\u2019invite au Sialy 2019<\/span><\/p>\n<p>Auteur: EcoMatin<br \/>\n<a href=\"https:\/\/ecomatin.net\/une-ecomatin-n256-actuellement-en-kiosque\/\">Cliquez ici pour lire l&rsquo;article depuis sa source.<\/a><\/p>\n","protected":false},"excerpt":{"rendered":"<p>A la une: \u2013 T\u00e9l\u00e9phonie mobile : o\u00f9 est pass\u00e9 l\u2019audit des concessions d\u2019Orange, Mtn et Nexttel ? Banques et Finances \u2013 Changes : la Beac sensibilise sur la nouvelle r\u00e9glementation\u2013 Emploi et formation professionnelle : la SCB rassure Issa Tchiroma Bakary Business \u2013 Th\u00e9ophile G\u00e9rard Moulong : \u00abUn sinistre comme celui [de la Sonara] [&hellip;]<\/p>\n","protected":false},"author":1969,"featured_media":0,"comment_status":"closed","ping_status":"closed","sticky":false,"template":"","format":"standard","meta":{"fifu_image_url":"","fifu_image_alt":"","footnotes":""},"categories":[82,78],"tags":[],"class_list":["post-44973","post","type-post","status-publish","format-standard","hentry","category-cameroun","category-economie"],"_links":{"self":[{"href":"https:\/\/linitiative.ca\/International\/wp-json\/wp\/v2\/posts\/44973","targetHints":{"allow":["GET"]}}],"collection":[{"href":"https:\/\/linitiative.ca\/International\/wp-json\/wp\/v2\/posts"}],"about":[{"href":"https:\/\/linitiative.ca\/International\/wp-json\/wp\/v2\/types\/post"}],"author":[{"embeddable":true,"href":"https:\/\/linitiative.ca\/International\/wp-json\/wp\/v2\/users\/1969"}],"replies":[{"embeddable":true,"href":"https:\/\/linitiative.ca\/International\/wp-json\/wp\/v2\/comments?post=44973"}],"version-history":[{"count":0,"href":"https:\/\/linitiative.ca\/International\/wp-json\/wp\/v2\/posts\/44973\/revisions"}],"wp:attachment":[{"href":"https:\/\/linitiative.ca\/International\/wp-json\/wp\/v2\/media?parent=44973"}],"wp:term":[{"taxonomy":"category","embeddable":true,"href":"https:\/\/linitiative.ca\/International\/wp-json\/wp\/v2\/categories?post=44973"},{"taxonomy":"post_tag","embeddable":true,"href":"https:\/\/linitiative.ca\/International\/wp-json\/wp\/v2\/tags?post=44973"}],"curies":[{"name":"wp","href":"https:\/\/api.w.org\/{rel}","templated":true}]}}