{"id":44978,"date":"2019-07-08T07:44:14","date_gmt":"2019-07-08T11:44:14","guid":{"rendered":"https:\/\/linitiative.ca\/International\/point-de-vue-femmes-aux-fourneaux\/"},"modified":"2019-07-08T07:44:14","modified_gmt":"2019-07-08T11:44:14","slug":"point-de-vue-femmes-aux-fourneaux","status":"publish","type":"post","link":"https:\/\/linitiative.ca\/International\/point-de-vue-femmes-aux-fourneaux\/","title":{"rendered":"Point de vue : Femmes ! aux fourneaux !!!"},"content":{"rendered":"<p><img decoding=\"async\" class=\"post_layout_5_img\" src=\"http:\/\/aujourdhui.ma\/wp-content\/uploads\/2018\/11\/Ahmed-GHAYET-1.jpg?x29840\" alt=\"Point de vue : Femmes ! aux fourneaux !!!\"\/><\/p>\n<p class=\"p1\"><span class=\"c4\"><strong>Des propos qui nous renvoient collectivement \u00e0 l\u2019\u00e2ge de pierre\u2026<\/strong><\/span><span id=\"more-314561\"\/><\/p>\n<p class=\"p1\">La lutte contre les pr\u00e9jug\u00e9s sexistes, contre les attitudes et les comportements machistes, contre les in\u00e9galit\u00e9s entre hommes et femmes, pour la parit\u00e9\u2026 est un travail sur le long terme, ardu, qui demande arguments, persuasion et pers\u00e9v\u00e9rance.<\/p>\n<p class=\"p1\">Lorsque l\u2019on est engag\u00e9 dans ce combat toute aide est pr\u00e9cieuse, tout soutien est le bienvenu : demandez \u00e0 tous les militants, ils vous diront la m\u00eame chose.<\/p>\n<p class=\"p1\">Alors lorsque l\u2019on est journaliste, animateur, sur une radio de grande audience, que l\u2019on s\u2019exprime sur le sport national qu\u2019est le football, on se doit d\u2019\u00eatre particuli\u00e8rement responsable dans ses propos. C\u2019est un devoir !<\/p>\n<p class=\"p1\">Parmi les auditeurs, nombre de jeunes \u2013 en phase donc de construction de leurs valeurs, de leurs rep\u00e8res \u2013 vont se prendre en pleine face ces propos et c\u2019est alors tout un travail de p\u00e9dagogie qui s\u2019\u00e9croule\u2026<\/p>\n<p class=\"p1\">Je ne connais nullement le journaliste en question, mais peut-\u00eatre a-t-il une \u00e9pouse, des filles\u2026 quel visage peut-il donc bien leur offrir lorsqu\u2019il se retrouve en face d\u2019elles et qu\u2019il vient de dire une phrase hallucinante \u00e0 une auditrice, sur le ton le plus humiliant qui soit ?<\/p>\n<p class=\"p1\">Comment en 2019 peut-on dire en s\u2019adressant \u00e0 la moiti\u00e9 du Maroc (oui la moiti\u00e9 des Marocains sont des Marocaines) : le football est une affaire trop s\u00e9rieuse pour vous, laissez \u00e7a aux hommes et retournez \u00e0 vos cuisines, ajoutant int\u00e9ressez- vous plut\u00f4t aux recettes de Choumicha !!!<\/p>\n<p class=\"p1\">Mais vraiment c\u2019est ce qui s\u2019appelle avoir tout faux : d\u2019abord s\u2019int\u00e9resser aux recettes de notre Choumicha nationale n\u2019est nullement r\u00e9serv\u00e9 aux femmes, combien d\u2019hommes parmi nos grands chef(fe)s et combien d\u2019hommes qui adorent faire la cuisine ?<\/p>\n<p class=\"p1\">Faire de la cuisine l\u2019espace dans lequel la femme trouve son aire naturelle -et doit s\u2019y cantonner- est tout simplement hallucinant et fait fi du combat men\u00e9 par tant et tant de femmes \u2013 et d\u2019hommes \u2013 pour sortir de ce carcan qui a enferm\u00e9, et continue d\u2019enfermer \u00abla moiti\u00e9 de l\u2019humanit\u00e9\u00bb.<\/p>\n<p class=\"p1\">Ensuite d\u00e9crire le foot comme \u00e9tant exclusivement une affaire d\u2019homme est une contre-v\u00e9rit\u00e9 que l\u2019on ne devrait pas se permettre de commettre lorsque l\u2019on est commentateur sportif : oui des femmes aiment le foot, oui des femmes jouent au foot, oui les femmes ont un jugement qu\u2019elles ont le droit d\u2019exprimer, sur tel joueur, sur telle action, sur telle faute\u2026<\/p>\n<p class=\"p1\">Comme h\u00e9las dans bien d\u2019autres domaines certains d\u2019entre nous veulent assigner \u00e0 r\u00e9sidence d\u2019autres compatriotes, et avouons- le ce sont les femmes qui en paient le prix !<\/p>\n<p class=\"p1\">Le \u00abcirculez y\u2019a rien \u00e0 voir\u00bb de ce journaliste est un non-sens, un r\u00e9sidu d\u2019une \u00e9poque que l\u2019on voudrait r\u00e9solue, mettons en parall\u00e8le ses propos et l\u2019arriv\u00e9e \u00e0 la pr\u00e9sidence d\u2019une R\u00e9gion de M\u2019barka Bouaida, et nous verrons \u00e0 quel point, Dieu merci, de tels r\u00e9flexes sont vou\u00e9s aux poubelles de l\u2019Histoire.<\/p>\n<p class=\"p1\">Pour autant il ne faut pas laisser passer ce genre de d\u00e9rapage, qui vient d\u2019une personne qui a pignon sur rue, et qui de par l\u2019\u00e9cho que procure un micro, mettent \u00e0 mal le travail de p\u00e9dagogie que nous sommes nombreux \u00e0 pratiquer sur le terrain, notamment aupr\u00e8s des jeunes g\u00e9n\u00e9rations.<\/p>\n<p class=\"p1\">La HACA s\u2019est auto-saisie le jour m\u00eame de ce scandale, il nous faut nous en r\u00e9jouir : r\u00e9flexe sain et salutaire !<\/p>\n<p class=\"p1\">Depuis, de nombreuses plaintes ont \u00e9t\u00e9 enregistr\u00e9es, saluons la rapidit\u00e9 avec laquelle la Haute Autorit\u00e9 a saisi l\u2019importance de l\u2019enjeu: laisser libre cours \u00e0 ce genre de \u00abpetite phrase\u00bb serait une sorte de ch\u00e8que en blanc au populisme, au machisme, au sexisme\u2026<\/p>\n<p class=\"p1\">Nous serons tr\u00e8s nombreux \u00e0 guetter le verdict des \u00abSages\u00bb, et pas seulement les femmes ! Nombre d\u2019hommes ont compris que de tels propos sont un pi\u00e8ge et un affront pour eux aussi : les unes et les uns sont victimes de ces visions \u00e9triqu\u00e9es et humiliantes.<\/p>\n<p>Auteur: Ahmed GHAYET<br \/>\n<a href=\"http:\/\/aujourdhui.ma\/chroniques\/point-de-vue-femmes-aux-fourneaux\">Cliquez ici pour lire l&rsquo;article depuis sa source.<\/a><\/p>\n","protected":false},"excerpt":{"rendered":"<p>Des propos qui nous renvoient collectivement \u00e0 l\u2019\u00e2ge de pierre\u2026 La lutte contre les pr\u00e9jug\u00e9s sexistes, contre les attitudes et les comportements machistes, contre les in\u00e9galit\u00e9s entre hommes et femmes, pour la parit\u00e9\u2026 est un travail sur le long terme, ardu, qui demande arguments, persuasion et pers\u00e9v\u00e9rance. Lorsque l\u2019on est engag\u00e9 dans ce combat toute [&hellip;]<\/p>\n","protected":false},"author":1759,"featured_media":0,"comment_status":"closed","ping_status":"closed","sticky":false,"template":"","format":"standard","meta":{"fifu_image_url":"","fifu_image_alt":"","footnotes":""},"categories":[73,54],"tags":[],"class_list":["post-44978","post","type-post","status-publish","format-standard","hentry","category-actualite","category-maroc"],"_links":{"self":[{"href":"https:\/\/linitiative.ca\/International\/wp-json\/wp\/v2\/posts\/44978","targetHints":{"allow":["GET"]}}],"collection":[{"href":"https:\/\/linitiative.ca\/International\/wp-json\/wp\/v2\/posts"}],"about":[{"href":"https:\/\/linitiative.ca\/International\/wp-json\/wp\/v2\/types\/post"}],"author":[{"embeddable":true,"href":"https:\/\/linitiative.ca\/International\/wp-json\/wp\/v2\/users\/1759"}],"replies":[{"embeddable":true,"href":"https:\/\/linitiative.ca\/International\/wp-json\/wp\/v2\/comments?post=44978"}],"version-history":[{"count":0,"href":"https:\/\/linitiative.ca\/International\/wp-json\/wp\/v2\/posts\/44978\/revisions"}],"wp:attachment":[{"href":"https:\/\/linitiative.ca\/International\/wp-json\/wp\/v2\/media?parent=44978"}],"wp:term":[{"taxonomy":"category","embeddable":true,"href":"https:\/\/linitiative.ca\/International\/wp-json\/wp\/v2\/categories?post=44978"},{"taxonomy":"post_tag","embeddable":true,"href":"https:\/\/linitiative.ca\/International\/wp-json\/wp\/v2\/tags?post=44978"}],"curies":[{"name":"wp","href":"https:\/\/api.w.org\/{rel}","templated":true}]}}