{"id":44979,"date":"2019-07-08T08:05:23","date_gmt":"2019-07-08T12:05:23","guid":{"rendered":"https:\/\/linitiative.ca\/International\/plus-populaire-que-jamais-timitar-franchit-la-barre-des-125-million-de-spectateurs\/"},"modified":"2019-07-08T08:05:23","modified_gmt":"2019-07-08T12:05:23","slug":"plus-populaire-que-jamais-timitar-franchit-la-barre-des-125-million-de-spectateurs","status":"publish","type":"post","link":"https:\/\/linitiative.ca\/International\/plus-populaire-que-jamais-timitar-franchit-la-barre-des-125-million-de-spectateurs\/","title":{"rendered":"Plus populaire que jamais : Timitar franchit la barre des 1,25 million de spectateurs"},"content":{"rendered":"<p><img decoding=\"async\" class=\"post_layout_5_img\" src=\"http:\/\/aujourdhui.ma\/wp-content\/uploads\/2019\/07\/Ribab-Fusion-Maroc-Timitar2019.jpg?x29840\" alt=\"Plus populaire que jamais : Timitar franchit la barre des 1,25 million de spectateurs\"\/><\/p>\n<p class=\"p1\"><span class=\"c4\"><strong><span class=\"s1\"><em>L\u2019un des moments les plus attendus de la soir\u00e9e qui a attir\u00e9 \u00e0 lui seul plus de 250 mille spectateurs fut le concert de Reda Taliani qui a r\u00e9ussi, au cours de cette soir\u00e9e m\u00e9morable, \u00e0 enflammer un public assoiff\u00e9 en interpr\u00e9tant avec brio et spontan\u00e9it\u00e9 ses grands tubes.<\/em><\/span><\/strong><\/span><span id=\"more-314559\"\/><\/p>\n<p class=\"p1\"><span class=\"s1\">Succ\u00e8s total pour la 16\u00e8me \u00e9dition du festival Timitar Signes et Culture. Elle s\u2019est achev\u00e9e samedi sur une belle soir\u00e9e, riche en couleurs et en \u00e9motions. La soir\u00e9e de cl\u00f4ture a \u00e9t\u00e9 \u00e0 l\u2019image de l\u2019ambiance bon enfant et festive qui a r\u00e9gn\u00e9 tout au long des quatre jours de ce rendez-vous artistique \u00e0 dimension internationale. Timitar a franchi la barre des 1,25 million de spectateurs dans son \u00e9dition 2019.<\/span><\/p>\n<p class=\"p1\"><span class=\"s1\">Le public de la ville d\u2019Agadir et les visiteurs ont r\u00e9pondu pr\u00e9sent \u00e0 ce rendez-vous ancr\u00e9, depuis 16 ans, avec l\u2019art et la culture, ils ont investi en masse tous les sites d\u00e9di\u00e9s aux activit\u00e9s artistiques du festival. A la place Al Amal, la foule, en d\u00e9lire lors de cette derni\u00e8re soir\u00e9e du festival, a repris les chansons du groupe mythique The Original Wailers men\u00e9 par le guitariste Al Anderson, qui a accompagn\u00e9 Bob Marley dans plus de 250 concerts sur les cinq continents.<\/span><\/p>\n<p><a href=\"http:\/\/aujourdhui.ma\/wp-content\/uploads\/2019\/07\/Rais-Said-Outajajt-Rais-Abdellah-Outajajt-Maroc-7.jpg?x29840\"><img loading=\"lazy\" decoding=\"async\" class=\"size-full wp-image-314564 aligncenter\" src=\"http:\/\/aujourdhui.ma\/wp-content\/uploads\/2019\/07\/Rais-Said-Outajajt-Rais-Abdellah-Outajajt-Maroc-7.jpg?x29840\" alt=\"\" width=\"746\" height=\"380\" srcset=\"http:\/\/aujourdhui.ma\/wp-content\/uploads\/2019\/07\/Rais-Said-Outajajt-Rais-Abdellah-Outajajt-Maroc-7.jpg 746w, http:\/\/aujourdhui.ma\/wp-content\/uploads\/2019\/07\/Rais-Said-Outajajt-Rais-Abdellah-Outajajt-Maroc-7-300x153.jpg 300w\" sizes=\"auto, (max-width: 746px) 100vw, 746px\"\/><\/a><\/p>\n<p class=\"p1\"><span class=\"s1\">L\u2019un des moments les plus attendus de la soir\u00e9e qui a attir\u00e9 \u00e0 lui seul plus de 250 mille spectateurs fut le concert de Reda Taliani qui a r\u00e9ussi, au cours de cette soir\u00e9e m\u00e9morable, \u00e0 enflammer un public assoiff\u00e9 en interpr\u00e9tant avec brio et spontan\u00e9it\u00e9 ses grands tubes connus mondialement, \u00e0 l\u2019instar de \u00abVa bene\u00bb, \u00abChnwi Khalwi\u00bb, et \u00abYa Lbabour\u00bb.<\/span><\/p>\n<p class=\"p1\"><span class=\"s1\">Attir\u00e9 par le ra\u00ef, ainsi que par diff\u00e9rents styles musicaux issus du Maghreb, comme le cha\u00e2bi alg\u00e9rois, Taliani m\u00eale ces diff\u00e9rentes aspirations dans ses chansons et compose des textes engag\u00e9s sur la jeunesse du Maghreb. Son premier album, sorti en 2000, le fait conna\u00eetre du public alg\u00e9rien et manifeste des inspirations provenant d\u2019horizons divers comme Bob Marley ou Santana. Il a collabor\u00e9 avec des artistes fran\u00e7ais, comme le groupe de rap 113, Grand Corps Malade sur sa chanson Inch\u2019allah, sortie en 2011, ou, plus r\u00e9cemment, avec le rappeur La Fouine.<\/span><\/p>\n<p><a href=\"http:\/\/aujourdhui.ma\/wp-content\/uploads\/2019\/07\/Ahidous-Tazwit-Maroc-timitar-2019.jpg?x29840\"><img loading=\"lazy\" decoding=\"async\" class=\"size-full wp-image-314563 aligncenter\" src=\"http:\/\/aujourdhui.ma\/wp-content\/uploads\/2019\/07\/Ahidous-Tazwit-Maroc-timitar-2019.jpg?x29840\" alt=\"\" width=\"746\" height=\"380\" srcset=\"http:\/\/aujourdhui.ma\/wp-content\/uploads\/2019\/07\/Ahidous-Tazwit-Maroc-timitar-2019.jpg 746w, http:\/\/aujourdhui.ma\/wp-content\/uploads\/2019\/07\/Ahidous-Tazwit-Maroc-timitar-2019-300x153.jpg 300w\" sizes=\"auto, (max-width: 746px) 100vw, 746px\"\/><\/a><\/p>\n<p class=\"p1\"><span class=\"s1\">La soir\u00e9e a connu son apoth\u00e9ose avec l\u2019arriv\u00e9e sur sc\u00e8ne du groupe Fnaire qui a confirm\u00e9 de nouveau son statut de leader de la chanson juv\u00e9nile au Maroc. En harmonisant des genres de musique a priori incompatibles, autant par leurs rythmes que par la repr\u00e9sentation que chacun peut s\u2019en faire, Fnaire balaye tous les pr\u00e9jug\u00e9s et emporte le public comme le vent sur les branches d\u2019un arbre bien enracin\u00e9. Fnaire, c\u2019est du rap tout public. Toujours friands de belles rencontres et surprises, ils viennent de r\u00e9aliser un beau titre Dilbar avec la chanteuse marocaine Noura Fatehi, ce titre ainsi que le clip ont eu un succ\u00e8s imm\u00e9diat.<\/span><\/p>\n<p class=\"p1\"><span class=\"s1\">Cette soir\u00e9e de cl\u00f4ture a connu la pr\u00e9sence de plusieurs personnalit\u00e9s, dont le ministre de l\u2019agriculture, de la p\u00eache maritime, du d\u00e9veloppement rural et des eaux et for\u00eat, Aziz Akhannouch, Ahmed Haji, wali de la r\u00e9gion Souss-Massa, et Brahim Hafidi, pr\u00e9sident du conseil de ladite r\u00e9gion et autres.<\/span><\/p>\n<p class=\"p1\"><span class=\"s1\">Organis\u00e9 sous le Haut patronage de SM le Roi Mohammed VI sous le signe \u00abLes artistes amazighs accueillent les musiques du monde\u00bb, le festival Timitar a fait vibrer la capitale du Souss quatre jours durant au rythme des musiques du monde, musique du terroir mais aussi contemporaine, avec la participation de plus de 400 artistes repr\u00e9sentant diff\u00e9rents pays d\u2019Afrique, d\u2019Europe, d\u2019Am\u00e9rique du Sud outre le Maroc.<\/span><\/p>\n<p><a href=\"http:\/\/aujourdhui.ma\/wp-content\/uploads\/2019\/07\/public-TIMITAR-2019.jpg?x29840\"><img loading=\"lazy\" decoding=\"async\" class=\"size-full wp-image-314480 aligncenter\" src=\"http:\/\/aujourdhui.ma\/wp-content\/uploads\/2019\/07\/public-TIMITAR-2019.jpg?x29840\" alt=\"\" width=\"746\" height=\"380\" srcset=\"http:\/\/aujourdhui.ma\/wp-content\/uploads\/2019\/07\/public-TIMITAR-2019.jpg 746w, http:\/\/aujourdhui.ma\/wp-content\/uploads\/2019\/07\/public-TIMITAR-2019-300x153.jpg 300w\" sizes=\"auto, (max-width: 746px) 100vw, 746px\"\/><\/a><\/p>\n<p class=\"p1\"><span class=\"s1\">Au-del\u00e0 de la musique, le festival comportait \u00e9galement une programmation Off tr\u00e8s vari\u00e9e et diversifi\u00e9e.<\/span><\/p>\n<p>Auteur: Mohamed Laabid<br \/>\n<a href=\"http:\/\/aujourdhui.ma\/culture\/musique\/plus-populaire-que-jamais-timitar-franchit-la-barre-des-125-million-de-spectateurs\">Cliquez ici pour lire l&rsquo;article depuis sa source.<\/a><\/p>\n","protected":false},"excerpt":{"rendered":"<p>L\u2019un des moments les plus attendus de la soir\u00e9e qui a attir\u00e9 \u00e0 lui seul plus de 250 mille spectateurs fut le concert de Reda Taliani qui a r\u00e9ussi, au cours de cette soir\u00e9e m\u00e9morable, \u00e0 enflammer un public assoiff\u00e9 en interpr\u00e9tant avec brio et spontan\u00e9it\u00e9 ses grands tubes. Succ\u00e8s total pour la 16\u00e8me \u00e9dition [&hellip;]<\/p>\n","protected":false},"author":1759,"featured_media":0,"comment_status":"closed","ping_status":"closed","sticky":false,"template":"","format":"standard","meta":{"fifu_image_url":"","fifu_image_alt":"","footnotes":""},"categories":[73,54],"tags":[],"class_list":["post-44979","post","type-post","status-publish","format-standard","hentry","category-actualite","category-maroc"],"_links":{"self":[{"href":"https:\/\/linitiative.ca\/International\/wp-json\/wp\/v2\/posts\/44979","targetHints":{"allow":["GET"]}}],"collection":[{"href":"https:\/\/linitiative.ca\/International\/wp-json\/wp\/v2\/posts"}],"about":[{"href":"https:\/\/linitiative.ca\/International\/wp-json\/wp\/v2\/types\/post"}],"author":[{"embeddable":true,"href":"https:\/\/linitiative.ca\/International\/wp-json\/wp\/v2\/users\/1759"}],"replies":[{"embeddable":true,"href":"https:\/\/linitiative.ca\/International\/wp-json\/wp\/v2\/comments?post=44979"}],"version-history":[{"count":0,"href":"https:\/\/linitiative.ca\/International\/wp-json\/wp\/v2\/posts\/44979\/revisions"}],"wp:attachment":[{"href":"https:\/\/linitiative.ca\/International\/wp-json\/wp\/v2\/media?parent=44979"}],"wp:term":[{"taxonomy":"category","embeddable":true,"href":"https:\/\/linitiative.ca\/International\/wp-json\/wp\/v2\/categories?post=44979"},{"taxonomy":"post_tag","embeddable":true,"href":"https:\/\/linitiative.ca\/International\/wp-json\/wp\/v2\/tags?post=44979"}],"curies":[{"name":"wp","href":"https:\/\/api.w.org\/{rel}","templated":true}]}}