{"id":44980,"date":"2019-07-08T08:14:44","date_gmt":"2019-07-08T12:14:44","guid":{"rendered":"https:\/\/linitiative.ca\/International\/quand-rita-alaoui-pose-son-regard-sur-les-ruines-de-nos-ancetres\/"},"modified":"2019-07-08T08:14:44","modified_gmt":"2019-07-08T12:14:44","slug":"quand-rita-alaoui-pose-son-regard-sur-les-ruines-de-nos-ancetres","status":"publish","type":"post","link":"https:\/\/linitiative.ca\/International\/quand-rita-alaoui-pose-son-regard-sur-les-ruines-de-nos-ancetres\/","title":{"rendered":"Quand Rita Alaoui pose son regard  sur les ruines de nos anc\u00eatres"},"content":{"rendered":"<p><img decoding=\"async\" class=\"post_layout_5_img\" src=\"http:\/\/aujourdhui.ma\/wp-content\/uploads\/2019\/07\/Rita-Alaoui.jpg?x29840\" alt=\"Quand Rita Alaoui pose son regard sur les ruines de nos anc\u00eatres\"\/><\/p>\n<p class=\"p1\"><span class=\"c4\"><strong><span class=\"s1\"><em>Elle participe \u00e0 une r\u00e9sidence \u00e0 la Cit\u00e9 internationale des arts et pr\u00e9sente son exposition \u00e0 la galerie Boa de Paris<\/em><\/span><\/strong><\/span> <span id=\"more-314567\"\/><\/p>\n<div class=\"base-box mom_box_sc_custom mom_box_sc clear c5\" readability=\"13\">\n<p class=\"p1\"><span class=\"s1\"><strong>L\u2019artiste s\u2019int\u00e9resse dans sa d\u00e9marche surtout au processus qu\u2019il y a autour de l\u2019arch\u00e9ologie, c\u2019est-\u00e0-dire la fouille, la collecte, l\u2019entreposage, puis l\u2019archivage et enfin la r\u00e9utilisation de l\u2019objet.<\/strong><\/span><\/p>\n<\/div>\n<p class=\"p1\"><span class=\"s1\">L\u2019artiste contemporaine Rita Alaoui expose en ce moment \u00e0 la galerie Boa de Paris. Elle pr\u00e9sente son projet intitul\u00e9 \u00abManifeste d\u2019un fossile\u00bb. C\u2019est un travail de recherche regroupant une s\u00e9rie de collages, de livres d\u2019art, de dessins et de peintures. D\u2019un diptyque reprenant l\u2019id\u00e9e du r\u00eave ou du voyage \u00e0 une toile de peinture plus sombre, la d\u00e9marche de cette artiste pluridisciplinaire est proche de l\u2019anthropologie et de l\u2019arch\u00e9ologie.<\/span><\/p>\n<p class=\"p1\"><span class=\"s1\">Une technique qui se fonde sur la recherche constante de nouvelles expressions qui tendent toutes \u00e0 placer les objets, les gestes du quotidien et les \u00e9l\u00e9ments naturels au c\u0153ur du processus artistique. A propos de sa d\u00e9marche, l\u2019artiste confie qu\u2019elle s\u2019int\u00e9resse surtout au processus qu\u2019il y a autour de l\u2019arch\u00e9ologie, c\u2019est-\u00e0-dire la fouille, la collecte, l\u2019entreposage, puis l\u2019archivage et enfin la r\u00e9utilisation de l\u2019objet. <em>\u00abEn tant qu\u2019artiste concern\u00e9e par la question de ce qui reste apr\u00e8s le temps qui passe, mon regard porte sur les ruines de nos anc\u00eatres et sur les vestiges de la terre. Qu\u2019ils soient organiques, min\u00e9raux ou v\u00e9g\u00e9taux, originaux ou mat\u00e9riels, les vestiges sont un reflet de notre temps, de ce dont nous avons h\u00e9rit\u00e9 et racontent l\u2019histoire du temps qui passe\u00bb<\/em>, ajoute-t-elle. En indiquant que <em>\u00abla relation que nous entretenons tous avec ces vestiges me passionne et mon r\u00f4le en tant qu\u2019artiste est de repenser notre connexion au monde, de r\u00e9interpr\u00e9ter le familier et d\u2019imaginer des connexions avec l\u2019extraordinaire\u00bb<\/em>. Outre cette exposition qui se poursuit jusqu\u2019\u00e0 fin juillet, l\u2019artiste m\u00e8ne plusieurs projets de front. Elle est actuellement en r\u00e9sidence \u00e0 la Cit\u00e9 internationale des arts jusqu\u2019\u00e0 la fin du mois d\u2019octobre avec une bourse de production sur six mois. Apr\u00e8s le volume I de la s\u00e9rie Objets trouv\u00e9s, dont une partie est actuellement pr\u00e9sent\u00e9e \u00e0 la galerie Boa, elle r\u00e9alise le volume II.<\/span><\/p>\n<p class=\"p1\"><span class=\"s1\">Par ailleurs, elle pr\u00e9pare sa participation \u00e0 la premi\u00e8re \u00e9dition de la Biennale de Rabat qui se tiendra du 24 septembre \u00e0 la mi-d\u00e9cembre 2019. Dipl\u00f4m\u00e9e de la Parsons School of Design, New York, le travail de Rita Alaoui est montr\u00e9 r\u00e9guli\u00e8rement lors d\u2019expositions \u00e0 l\u2019international et au Maroc. Elle participe \u00e0 de nombreuses conf\u00e9rences, d\u00e9bats et discussions autour de la pratique artistique contemporaine et intervient au sein d\u2019ateliers dans les domaines de la peinture et du dessin, du processus cr\u00e9atif et du livre d\u2019artiste.<\/span><\/p>\n<p>Auteur: Siham Jadraoui<br \/>\n<a href=\"http:\/\/aujourdhui.ma\/culture\/quand-rita-alaoui-pose-son-regard-sur-les-ruines-de-nos-ancetres\">Cliquez ici pour lire l&rsquo;article depuis sa source.<\/a><\/p>\n","protected":false},"excerpt":{"rendered":"<p>Elle participe \u00e0 une r\u00e9sidence \u00e0 la Cit\u00e9 internationale des arts et pr\u00e9sente son exposition \u00e0 la galerie Boa de Paris L\u2019artiste s\u2019int\u00e9resse dans sa d\u00e9marche surtout au processus qu\u2019il y a autour de l\u2019arch\u00e9ologie, c\u2019est-\u00e0-dire la fouille, la collecte, l\u2019entreposage, puis l\u2019archivage et enfin la r\u00e9utilisation de l\u2019objet. L\u2019artiste contemporaine Rita Alaoui expose en [&hellip;]<\/p>\n","protected":false},"author":1759,"featured_media":0,"comment_status":"closed","ping_status":"closed","sticky":false,"template":"","format":"standard","meta":{"fifu_image_url":"","fifu_image_alt":"","footnotes":""},"categories":[73,54],"tags":[],"class_list":["post-44980","post","type-post","status-publish","format-standard","hentry","category-actualite","category-maroc"],"_links":{"self":[{"href":"https:\/\/linitiative.ca\/International\/wp-json\/wp\/v2\/posts\/44980","targetHints":{"allow":["GET"]}}],"collection":[{"href":"https:\/\/linitiative.ca\/International\/wp-json\/wp\/v2\/posts"}],"about":[{"href":"https:\/\/linitiative.ca\/International\/wp-json\/wp\/v2\/types\/post"}],"author":[{"embeddable":true,"href":"https:\/\/linitiative.ca\/International\/wp-json\/wp\/v2\/users\/1759"}],"replies":[{"embeddable":true,"href":"https:\/\/linitiative.ca\/International\/wp-json\/wp\/v2\/comments?post=44980"}],"version-history":[{"count":0,"href":"https:\/\/linitiative.ca\/International\/wp-json\/wp\/v2\/posts\/44980\/revisions"}],"wp:attachment":[{"href":"https:\/\/linitiative.ca\/International\/wp-json\/wp\/v2\/media?parent=44980"}],"wp:term":[{"taxonomy":"category","embeddable":true,"href":"https:\/\/linitiative.ca\/International\/wp-json\/wp\/v2\/categories?post=44980"},{"taxonomy":"post_tag","embeddable":true,"href":"https:\/\/linitiative.ca\/International\/wp-json\/wp\/v2\/tags?post=44980"}],"curies":[{"name":"wp","href":"https:\/\/api.w.org\/{rel}","templated":true}]}}