{"id":44981,"date":"2019-07-08T09:00:31","date_gmt":"2019-07-08T13:00:31","guid":{"rendered":"https:\/\/linitiative.ca\/International\/164-cooperatives-beneficient-de-laccompagnement-de-lada\/"},"modified":"2019-07-08T09:00:31","modified_gmt":"2019-07-08T13:00:31","slug":"164-cooperatives-beneficient-de-laccompagnement-de-lada","status":"publish","type":"post","link":"https:\/\/linitiative.ca\/International\/164-cooperatives-beneficient-de-laccompagnement-de-lada\/","title":{"rendered":"164 coop\u00e9ratives b\u00e9n\u00e9ficient de l\u2019accompagnement de l\u2019ADA"},"content":{"rendered":"<header>\n<\/header>\n<div class=\"entry-content clearfix\" readability=\"66\"><img decoding=\"async\" class=\"post_layout_5_img\" src=\"http:\/\/aujourdhui.ma\/wp-content\/uploads\/2019\/07\/El-Mahdi-Arrifi-directeur-ge%CC%81ne%CC%81ral-de-l%E2%80%99ADA.-.jpg?x29840\" alt=\"164 coop\u00e9ratives b\u00e9n\u00e9ficient de l\u2019accompagnement de l\u2019ADA\"\/><\/p>\n<p class=\"p1\"><span class=\"c4\"><strong><span class=\"s1\"><em>Elles comptent 5.935 adh\u00e9rents dont 42% de femmes<\/em><\/span><\/strong><\/span><span id=\"more-314523\"\/><\/p>\n<p class=\"p1\"><span class=\"s1\">Ce sont 164 coop\u00e9ratives, commercialisant en continu leurs produits au niveau de 113 magasins de la grande et la moyenne distribution dans 22 villes, qui ont b\u00e9n\u00e9fici\u00e9 de l\u2019accompagnement de l\u2019Agence pour le d\u00e9veloppement agricole (ADA). Ces coop\u00e9ratives qui comptent 5.935 adh\u00e9rents, dont 42% de femmes, ont pu doubler leur chiffre d\u2019affaires et mieux se r\u00e9f\u00e9rencer sur le march\u00e9 national et plus sp\u00e9cialement au niveau des circuits de commercialisation moderne qui garantissent une stabilit\u00e9 de la rentabilit\u00e9 et une meilleure structuration du secteur. Les chiffres sont pr\u00e9cis\u00e9s par l\u2019ADA qui vient d\u2019organiser \u00e0 Essaouira un s\u00e9minaire sous le th\u00e8me \u00abLe terroir dans les circuits de commercialisation moderne : r\u00e9alisations et perspectives\u00bb. L\u2019objectif \u00e9tant, selon les initiateurs, de mettre en exergue les d\u00e9fis relev\u00e9s par les petits producteurs des produits du terroir de par les efforts d\u00e9ploy\u00e9s par l\u2019Agence \u00e0 travers la mise en \u0153uvre de la strat\u00e9gie du d\u00e9veloppement de la commercialisation des produits du terroir. <em>\u00abCette strat\u00e9gie est ax\u00e9e sur l\u2019am\u00e9lioration de la comp\u00e9titivit\u00e9 et sur l\u2019acc\u00e8s des produits du terroir aux march\u00e9s local et international\u00bb,<\/em> d\u00e9taille la m\u00eame source. <span class=\"Apple-converted-space\">\u00a0 \u00a0<\/span><\/span><\/p>\n<p class=\"p1\"><span class=\"s1\">En organisant cette rencontre, l\u2019ADA vise, selon ses dires, \u00e0 montrer l\u2019importance de la grande distribution dans la strat\u00e9gie nationale de promotion et de commercialisation des produits du terroir et son impact sur le d\u00e9veloppement et la modernisation de l\u2019agriculture solidaire et \u00e0 d\u00e9battre des perspectives d\u2019avenir et les conditions d\u2019extension et de p\u00e9rennisation de la commercialisation de ces produits dans les circuits de distribution moderne.<\/span><\/p>\n<p class=\"p1\"><span class=\"s1\">Les initiateurs visent aussi \u00e0 sensibiliser aux enjeux de cette strat\u00e9gie en mati\u00e8re de cr\u00e9ation d\u2019emplois ainsi que son apport au d\u00e9veloppement du monde agricole. <em>\u00abL\u2019ADA compte ainsi f\u00e9d\u00e9rer tous les partenaires pour \u00e9largir l\u2019assiette des b\u00e9n\u00e9ficiaires en accompagnant davantage de coop\u00e9ratives et<\/em> <em>en augmentant la part de march\u00e9 de ce segment, tout en continuant \u00e0 mettre en place de nouveaux canaux de distribution\u00bb,<\/em> encha\u00eene la m\u00eame source.<\/span><\/p>\n<p class=\"p1\"><span class=\"s1\">Pour rappel, cet \u00e9v\u00e9nement a rassembl\u00e9 les acteurs de la grande distribution, les coop\u00e9ratives agricoles ainsi que tous les acteurs du d\u00e9partement de l\u2019agriculture concern\u00e9s par le secteur des produits du terroir. C\u2019est dire l\u2019importance de cette manifestation dans une ville qui fait l\u2019objet d\u2019int\u00e9r\u00eat.<\/span><\/p>\n<\/div>\n<p>Auteur: ALM<br \/>\n<a href=\"http:\/\/aujourdhui.ma\/economie\/164-cooperatives-beneficient-de-laccompagnement-de-lada\">Cliquez ici pour lire l&rsquo;article depuis sa source.<\/a><\/p>\n","protected":false},"excerpt":{"rendered":"<p>Elles comptent 5.935 adh\u00e9rents dont 42% de femmes Ce sont 164 coop\u00e9ratives, commercialisant en continu leurs produits au niveau de 113 magasins de la grande et la moyenne distribution dans 22 villes, qui ont b\u00e9n\u00e9fici\u00e9 de l\u2019accompagnement de l\u2019Agence pour le d\u00e9veloppement agricole (ADA). Ces coop\u00e9ratives qui comptent 5.935 adh\u00e9rents, dont 42% de femmes, ont [&hellip;]<\/p>\n","protected":false},"author":1759,"featured_media":0,"comment_status":"closed","ping_status":"closed","sticky":false,"template":"","format":"standard","meta":{"fifu_image_url":"","fifu_image_alt":"","footnotes":""},"categories":[73,54],"tags":[],"class_list":["post-44981","post","type-post","status-publish","format-standard","hentry","category-actualite","category-maroc"],"_links":{"self":[{"href":"https:\/\/linitiative.ca\/International\/wp-json\/wp\/v2\/posts\/44981","targetHints":{"allow":["GET"]}}],"collection":[{"href":"https:\/\/linitiative.ca\/International\/wp-json\/wp\/v2\/posts"}],"about":[{"href":"https:\/\/linitiative.ca\/International\/wp-json\/wp\/v2\/types\/post"}],"author":[{"embeddable":true,"href":"https:\/\/linitiative.ca\/International\/wp-json\/wp\/v2\/users\/1759"}],"replies":[{"embeddable":true,"href":"https:\/\/linitiative.ca\/International\/wp-json\/wp\/v2\/comments?post=44981"}],"version-history":[{"count":0,"href":"https:\/\/linitiative.ca\/International\/wp-json\/wp\/v2\/posts\/44981\/revisions"}],"wp:attachment":[{"href":"https:\/\/linitiative.ca\/International\/wp-json\/wp\/v2\/media?parent=44981"}],"wp:term":[{"taxonomy":"category","embeddable":true,"href":"https:\/\/linitiative.ca\/International\/wp-json\/wp\/v2\/categories?post=44981"},{"taxonomy":"post_tag","embeddable":true,"href":"https:\/\/linitiative.ca\/International\/wp-json\/wp\/v2\/tags?post=44981"}],"curies":[{"name":"wp","href":"https:\/\/api.w.org\/{rel}","templated":true}]}}