{"id":44982,"date":"2019-07-08T09:50:05","date_gmt":"2019-07-08T13:50:05","guid":{"rendered":"https:\/\/linitiative.ca\/International\/latifa-yaacoubi-12-albums-dartistes-amazighs-produits-dans-des-conditions-purement-professionnelles-au-timitar-off\/"},"modified":"2019-07-08T09:50:05","modified_gmt":"2019-07-08T13:50:05","slug":"latifa-yaacoubi-12-albums-dartistes-amazighs-produits-dans-des-conditions-purement-professionnelles-au-timitar-off","status":"publish","type":"post","link":"https:\/\/linitiative.ca\/International\/latifa-yaacoubi-12-albums-dartistes-amazighs-produits-dans-des-conditions-purement-professionnelles-au-timitar-off\/","title":{"rendered":"Latifa Yaacoubi : \u00ab12 albums d\u2019artistes amazighs produits dans des conditions purement professionnelles au Timitar Off\u00bb"},"content":{"rendered":"<p><img decoding=\"async\" class=\"post_layout_5_img\" src=\"http:\/\/aujourdhui.ma\/wp-content\/uploads\/2019\/07\/Latifa-Yacoubi.jpg?x29840\" alt=\"Latifa Yaacoubi : \u00ab12 albums d\u2019artistes amazighs produits dans des conditions purement professionnelles au Timitar Off\u00bb\"\/><\/p>\n<p class=\"p1\"><span class=\"c4\"><strong><em>Entretien avec<\/em> Latifa Yaacoubi, <em>responsable Timitar Off<\/em><\/strong><\/span><span id=\"more-314560\"\/><\/p>\n<div class=\"base-box mom_box_sc_custom mom_box_sc clear c5\" readability=\"11\">\n<p class=\"p1\"><span class=\"s1\"><strong>Le fait de s\u2019ouvrir sur des quartiers p\u00e9riph\u00e9riques va nous permettre de toucher des centaines d\u2019enfants, en leur donnant des badges VIP pour acc\u00e9der \u00e0 toutes les sc\u00e8nes du festival pour qu\u2019ils puissent rencontrer toutes les t\u00eates d\u2019affiche que Timitar invite cette ann\u00e9e dans le cadre de sa programmation.<\/strong><\/span><\/p>\n<\/div>\n<p class=\"p1\"><span class=\"s1\"><strong>ALM\u00a0: Quels sont les moments forts de la programmation Off de cette 16\u00e8me \u00e9dition\u00a0?<\/strong><\/span><\/p>\n<p class=\"p1\"><span class=\"s1\"><strong>Latifa Yaacoubi\u00a0:<\/strong> Le programme Off de cette 16\u00e8me \u00e9dition essaye de diversifier comme toujours et d\u2019\u00eatre \u00e0 l\u2019\u00e9coute notamment des professionnels d\u2019art populaire et traditionnel amazigh. On a organis\u00e9 un colloque sur le patrimoine des Rwayss, en partenariat avec l\u2019Unesco, le minist\u00e8re de la culture, et l\u2019Ircam. Il s\u2019agit en effet de poser les premi\u00e8res r\u00e9flexions et travailler sur un dossier tr\u00e8s important qui tient \u00e0 c\u0153ur d\u2019acteurs culturels, notamment ce qui concerne la pr\u00e9servation et la transmission de ce patrimoine. L\u2019Unesco et le minist\u00e8re de la culture vont nous accompagner pour pr\u00e9parer le dossier de reconnaissance de cet art en tant que patrimoine immat\u00e9riel \u00e0 sauvegarder et \u00e0 classer. Donc on a vu \u00e9galement la participation dans ce colloque de troupes traditionnelles de grands chercheurs comme Omar Amarir, Mohamed Oualkach qui a publi\u00e9 un ouvrage sur ce patrimoine. Brahim El Mazned a parl\u00e9 durant ce colloque de l\u2019initiative louable sur laquelle il a travaill\u00e9 pendant plusieurs ann\u00e9es qui est la sortie de la premi\u00e8re anthologie de Rwayss, et qui est en train de faire les enregistrements n\u00e9cessaires avec le studio Hiba. Elle verra le jour d\u2019ici la fin de l\u2019ann\u00e9e en cours.<\/span><\/p>\n<p class=\"p1\"><span class=\"s1\"><strong>Comment cette programmation a-t-elle pu toucher un large public\u00a0?<\/strong><\/span><\/p>\n<p class=\"p1\"><span class=\"s1\">Dans le cadre du Off on essaye de s\u2019ouvrir sur une autre cat\u00e9gorie du public qui est celle des enfants, notamment ceux des quartiers qui n\u2019ont pas toujours forc\u00e9ment la possibilit\u00e9 de se d\u00e9placer et assister au festival, on a entam\u00e9 cette ann\u00e9e un partenariat avec la Fondation Ali Zaoua qui vient d\u2019ouvrir son centre au quartier Alfarah et qui est le troisi\u00e8me de son genre au Maroc. Notre partenariat avec cette Fondation consiste en l\u2019animation d\u2019un atelier de deux jours par des professionnels qui ont \u00e9t\u00e9 pr\u00e9sents avec ces enfants qui peut-\u00eatre n\u2019ont jamais eu un contact direct avec un artiste et encore moins avec des instruments de musique. Ainsi que des ateliers destin\u00e9s aux artistes amateurs qui ont \u00e9t\u00e9 anim\u00e9s par le chanteur Ahmed Sultan. L\u2019id\u00e9e c\u2019est qu\u2019en l\u2019espace de quelques jours on puisse r\u00e9pondre aux besoins d\u2019un public d\u00e9j\u00e0 initi\u00e9 qui veut se professionnaliser dans le domaine musical, culturel et \u00e9galement pouvoir s\u2019ouvrir sur d\u2019autres cat\u00e9gories qui sont plut\u00f4t les jeunes. On a \u00e9galement dans le cadre du festival la production d\u2019un album de Jamal Oussfi.<\/span><\/p>\n<p class=\"p1\"><span class=\"s1\"><strong>Quelles sont les retomb\u00e9es des activit\u00e9s programm\u00e9es dans le cadre du Timitar Off sur l\u2019animation de la vie culturelle au niveau de la ville d\u2019Agadir\u00a0?<\/strong><\/span><\/p>\n<p class=\"p1\"><span class=\"s1\">D\u00e9j\u00e0 \u00e0 travers le fait de s\u2019ouvrir sur des quartiers p\u00e9riph\u00e9riques on va toucher des centaines d\u2019enfants, en leur donnant des badges VIP pour acc\u00e9der \u00e0 toutes les sc\u00e8nes du festival pour qu\u2019ils puissent rencontrer toutes les t\u00eates d\u2019affiche que Timitar invite cette ann\u00e9e dans le cadre de sa programmation, et \u00e7a pour nous c\u2019est un grand acquis, m\u00eame si malheureusement on ne peut pas toucher tous les quartiers mais chaque ann\u00e9e on essaye de faire cette ouverture sur des zones parfois m\u00eame sur des provinces de la r\u00e9gion du Souss-Massa. Des gens font le d\u00e9placement des autres r\u00e9gions du Maroc et de l\u2019\u00e9tranger pour assister \u00e0 nos colloques comme celui des Rwayss.Toute la presse nationale et internationale est \u00e9galement pr\u00e9sente avec nous. Donc \u00e7a cr\u00e9e une dynamique, mais le plus important c\u2019est que nous sortions avec des d\u00e9cisions et des dossiers assez solides pour d\u00e9fendre notre patrimoine culturel amazigh.<\/span><\/p>\n<p class=\"p1\"><span class=\"s1\"><strong>Quel bilan dressez-vous de la programmation Off des 15 \u00e9ditions pass\u00e9es du Timitar\u00a0?<\/strong><\/span><\/p>\n<p class=\"p1\"><span class=\"s1\">Cette programmation est tout le temps diversifi\u00e9e, on essaye tout le temps de toucher tous les aspects de la culture amazighe on organise beaucoup de colloques. Il y a deux ans il y avait un grand d\u00e9bat sur l\u2019accompagnement des artistes et acteurs culturels en termes de professionnalisation en pr\u00e9sence du CCM pour encadrer des ateliers avec des producteurs des films amazighs. On a \u00e9galement appel\u00e9 le minist\u00e8re de la culture pour tout ce qui est formation dans l\u2019\u00e9laboration des dossiers pour l\u2019obtention de subvention dans tous les arts, lors de ces ateliers on a sorti des recommandations, et on essaye de les mettre en \u0153uvre avec d\u2019autres acteurs, notamment \u00e0 travers la cr\u00e9ation des lieux d\u00e9di\u00e9s aux musiciens, aux troupes de th\u00e9\u00e2tre et \u00e0 tout ce qui est perfectionnement dans la production de films amazighs. La Fondation Ali Zaoua vient d\u2019ouvrir un lieu magnifique. Cette initiative a \u00e9t\u00e9 pilot\u00e9e par le wali de la r\u00e9gion que nous remercions pour son engagement pour le rayonnement culturel de la r\u00e9gion Souss-Massa.<\/span><\/p>\n<p class=\"p1\"><span class=\"s1\"><strong>Quid de l\u2019appui \u00e0 la production d\u2019albums\u00a0?<\/strong><\/span><\/p>\n<p class=\"p1\"><span class=\"s1\">12 albums sont sortis dans le cadre du festival Timitar, et qui a permis \u00e0 des artistes jeunes et t\u00e9nors de la musique amazighe de se distinguer comme Ali Chouhad derni\u00e8rement, Ribab Fusion, Oudaden, Izenzaren Abdelhadi, et Izenzaren Chamakh \u00e9galement. Toute cette dynamique a \u00e9t\u00e9 cr\u00e9\u00e9e pour qu\u2019on puisse booster et aider financi\u00e8rement la sortie de ces albums dans des conditions purement professionnelles, on a \u00e9galement tous les deux ou trois ans la possibilit\u00e9 de pouvoir faire de la cr\u00e9ation th\u00e9\u00e2trale avec des pi\u00e8ces qui ont \u00e9t\u00e9 cr\u00e9\u00e9es par le festival, d\u2019ailleurs la toute derni\u00e8re est celle qui a \u00e9t\u00e9 pr\u00e9sent\u00e9e \u00e0 la m\u00e9dina d\u2019Agadir inspir\u00e9e du texte de Rachid Benzine, et mise en sc\u00e8ne par Abderzak Zitouni, et qui porte le m\u00eame nom de Lettre \u00e0 Nour. Donc ce sont des choses sur lesquelles on essaye de positionner le festival, notamment au niveau de la cr\u00e9ation et la production 0ff pour \u00eatre compl\u00e9mentaire avec la programmation musicale.<\/span><\/p>\n<p>Auteur: Mohamed Laabid<br \/>\n<a href=\"http:\/\/aujourdhui.ma\/culture\/musique\/12-albums-dartistes-amazighs-produits-dans-des-conditions-purement-professionnelles-au-timitar-off\">Cliquez ici pour lire l&rsquo;article depuis sa source.<\/a><\/p>\n","protected":false},"excerpt":{"rendered":"<p>Entretien avec Latifa Yaacoubi, responsable Timitar Off Le fait de s\u2019ouvrir sur des quartiers p\u00e9riph\u00e9riques va nous permettre de toucher des centaines d\u2019enfants, en leur donnant des badges VIP pour acc\u00e9der \u00e0 toutes les sc\u00e8nes du festival pour qu\u2019ils puissent rencontrer toutes les t\u00eates d\u2019affiche que Timitar invite cette ann\u00e9e dans le cadre de sa [&hellip;]<\/p>\n","protected":false},"author":1759,"featured_media":0,"comment_status":"closed","ping_status":"closed","sticky":false,"template":"","format":"standard","meta":{"fifu_image_url":"","fifu_image_alt":"","footnotes":""},"categories":[73,54],"tags":[],"class_list":["post-44982","post","type-post","status-publish","format-standard","hentry","category-actualite","category-maroc"],"_links":{"self":[{"href":"https:\/\/linitiative.ca\/International\/wp-json\/wp\/v2\/posts\/44982","targetHints":{"allow":["GET"]}}],"collection":[{"href":"https:\/\/linitiative.ca\/International\/wp-json\/wp\/v2\/posts"}],"about":[{"href":"https:\/\/linitiative.ca\/International\/wp-json\/wp\/v2\/types\/post"}],"author":[{"embeddable":true,"href":"https:\/\/linitiative.ca\/International\/wp-json\/wp\/v2\/users\/1759"}],"replies":[{"embeddable":true,"href":"https:\/\/linitiative.ca\/International\/wp-json\/wp\/v2\/comments?post=44982"}],"version-history":[{"count":0,"href":"https:\/\/linitiative.ca\/International\/wp-json\/wp\/v2\/posts\/44982\/revisions"}],"wp:attachment":[{"href":"https:\/\/linitiative.ca\/International\/wp-json\/wp\/v2\/media?parent=44982"}],"wp:term":[{"taxonomy":"category","embeddable":true,"href":"https:\/\/linitiative.ca\/International\/wp-json\/wp\/v2\/categories?post=44982"},{"taxonomy":"post_tag","embeddable":true,"href":"https:\/\/linitiative.ca\/International\/wp-json\/wp\/v2\/tags?post=44982"}],"curies":[{"name":"wp","href":"https:\/\/api.w.org\/{rel}","templated":true}]}}