{"id":44985,"date":"2019-07-08T05:18:05","date_gmt":"2019-07-08T09:18:05","guid":{"rendered":"https:\/\/linitiative.ca\/International\/can-2019-la-chute-des-lions\/"},"modified":"2019-07-08T05:18:05","modified_gmt":"2019-07-08T09:18:05","slug":"can-2019-la-chute-des-lions","status":"publish","type":"post","link":"https:\/\/linitiative.ca\/International\/can-2019-la-chute-des-lions\/","title":{"rendered":"CAN 2019 : la chute des Lions"},"content":{"rendered":"<p class=\"c3\"><span class=\"c2\"><strong>Frustration et d\u00e9ception<\/strong><\/span><\/p>\n<p class=\"c5\"><strong><span class=\"c2\">E<\/span><span class=\"c4\">ncore une fois, la s\u00e9lection marocaine de football a subi une \u00e9limination pr\u00e9coce en CAN. Le coup dur a \u00e9t\u00e9 subi face au B\u00e9nin, vainqueur suite aux tirs au but (4-1) apr\u00e8s 120 minutes de jeu \u00e0 \u00e9galit\u00e9 (1-1) dans un duel comptant pour les 8es de finale de la CAN 2019.<\/span><\/strong><\/p>\n<p class=\"c5\">Les Ecureuils du B\u00e9nin ont m\u00eame eu le luxe et le m\u00e9rite d\u2019ouvrir le score \u00e0 la 53e minute du jeu par le biais de Moise Wilfrid Adilehou, avant que Youssef En-Nesyri n\u2019\u00e9galise pour les Lions de l\u2019Atlas (75\u00e8). Hakim Ziyech, qui a eu la balle de la qualification a vu autrement en ratant un penalty dans le temps additionnel (90+4) tout en loupant une autre occasion en or dans les prolongations que les B\u00e9ninois ont g\u00e9r\u00e9 jusqu\u2019au sifflet final de l\u2019arbitre m\u00eame avec une formation r\u00e9duite \u00e0 10 apr\u00e8s l\u2019expulsion d\u2019un de leurs joueurs.<\/p>\n<p class=\"c5\">Cette fois donc, la d\u00e9ception est tellement grande, puisque les Lions ont \u00e9t\u00e9 \u00e9limin\u00e9s par une simple \u00e9quipe du B\u00e9nin qualifi\u00e9e gr\u00e2ce \u00e0 l\u2019une des 4 meilleures 3<sup>e<\/sup> places \u00e0 la phase de poules.<\/p>\n<p class=\"c5\">Le Maroc qui a, rappelons-le, fait le carton plein en remportant tous ses matches de groupes mais difficilement et sur le m\u00eame petit score de (1-0) respectivement contre le B\u00e9nin, C\u00f4te d\u2019Ivoire et Afrique du sud, a trouv\u00e9 devant lui une formation qui a cru jusqu\u2019au bout pour prendre le meilleur sur l\u2019un des favoris de la CAN.<\/p>\n<p class=\"c5\">Voil\u00e0 donc une nouvelle fin d\u2019aventure am\u00e8re pour les Lions de l\u2019Atlas qui cumulent les d\u00e9ceptions d\u2019une CAN \u00e0 l\u2019autre. C\u2019est bien dommage pour nos Lions qui vont ainsi tout recommencer en pr\u00e9vision de la prochaine \u00e9dition en 2021. Mais avec quelle \u00e9quipe, puisque la majorit\u00e9 des joueurs d\u2019aujourd\u2019hui vont annoncer leur retraite au vu de leur \u00e2ge avanc\u00e9?<\/p>\n<p class=\"c5\">Que les responsabilit\u00e9s de ce nouvel \u00e9chec des Lions soient d\u00e9termin\u00e9es aussi bien pour les joueurs, le staff technique dont l\u2019entraineur, Herv\u00e9 Renard en premier lieu\u2026 sans oublier\u00a0 la part du staff administratif relevant de la F\u00e9d\u00e9ration et son pr\u00e9sident, Fouzi Lekja\u00e2, qui doit assumer et s\u2019assumer.<\/p>\n<p class=\"c6\"><strong>Rachid Lebchir<\/strong><\/p>\n<p>Auteur: rahal mehamed<br \/>\n<a href=\"http:\/\/albayane.press.ma\/can-2019-la-chute-des-lions.html\">Cliquez ici pour lire l&rsquo;article depuis sa source.<\/a><\/p>\n","protected":false},"excerpt":{"rendered":"<p>Frustration et d\u00e9ception Encore une fois, la s\u00e9lection marocaine de football a subi une \u00e9limination pr\u00e9coce en CAN. Le coup dur a \u00e9t\u00e9 subi face au B\u00e9nin, vainqueur suite aux tirs au but (4-1) apr\u00e8s 120 minutes de jeu \u00e0 \u00e9galit\u00e9 (1-1) dans un duel comptant pour les 8es de finale de la CAN 2019. [&hellip;]<\/p>\n","protected":false},"author":1760,"featured_media":0,"comment_status":"closed","ping_status":"closed","sticky":false,"template":"","format":"standard","meta":{"fifu_image_url":"","fifu_image_alt":"","footnotes":""},"categories":[73,54],"tags":[],"class_list":["post-44985","post","type-post","status-publish","format-standard","hentry","category-actualite","category-maroc"],"_links":{"self":[{"href":"https:\/\/linitiative.ca\/International\/wp-json\/wp\/v2\/posts\/44985","targetHints":{"allow":["GET"]}}],"collection":[{"href":"https:\/\/linitiative.ca\/International\/wp-json\/wp\/v2\/posts"}],"about":[{"href":"https:\/\/linitiative.ca\/International\/wp-json\/wp\/v2\/types\/post"}],"author":[{"embeddable":true,"href":"https:\/\/linitiative.ca\/International\/wp-json\/wp\/v2\/users\/1760"}],"replies":[{"embeddable":true,"href":"https:\/\/linitiative.ca\/International\/wp-json\/wp\/v2\/comments?post=44985"}],"version-history":[{"count":0,"href":"https:\/\/linitiative.ca\/International\/wp-json\/wp\/v2\/posts\/44985\/revisions"}],"wp:attachment":[{"href":"https:\/\/linitiative.ca\/International\/wp-json\/wp\/v2\/media?parent=44985"}],"wp:term":[{"taxonomy":"category","embeddable":true,"href":"https:\/\/linitiative.ca\/International\/wp-json\/wp\/v2\/categories?post=44985"},{"taxonomy":"post_tag","embeddable":true,"href":"https:\/\/linitiative.ca\/International\/wp-json\/wp\/v2\/tags?post=44985"}],"curies":[{"name":"wp","href":"https:\/\/api.w.org\/{rel}","templated":true}]}}