{"id":44986,"date":"2019-07-08T05:27:27","date_gmt":"2019-07-08T09:27:27","guid":{"rendered":"https:\/\/linitiative.ca\/International\/iqraa-un-nouveau-magazine-destine-aux-jeunes-lecteurs\/"},"modified":"2019-07-08T05:27:27","modified_gmt":"2019-07-08T09:27:27","slug":"iqraa-un-nouveau-magazine-destine-aux-jeunes-lecteurs","status":"publish","type":"post","link":"https:\/\/linitiative.ca\/International\/iqraa-un-nouveau-magazine-destine-aux-jeunes-lecteurs\/","title":{"rendered":"\u00abIqraa\u00bb, un nouveau magazine destin\u00e9 aux jeunes lecteurs"},"content":{"rendered":"<p class=\"c4\"><span class=\"c3\"><strong>\u00ab<span class=\"c2\">I<\/span>qraa\u00bb est l\u2019intitul\u00e9 du nouveau magazine destin\u00e9 aux enfants et aux jeunes lecteurs et lectrices\u00a0 \u00e9dit\u00e9 par le Minist\u00e8re de la Culture et de la Communication, d\u00e9partement de la Culture.<\/strong><\/span><\/p>\n<p class=\"c4\">Ce nouveau n\u00e9 a \u00e9t\u00e9 pr\u00e9sent\u00e9\u00a0 vendredi 4 juillet \u00e0 Rabat\u00a0 lors d\u2019un point de presse organis\u00e9 par le Minist\u00e8re de la tutelle. Ce magazine, estiment ses initiateurs, permettra aux enfants de s\u2019\u00e9panouir et s\u2019ouvrir sur le monde de la lecture et de d\u00e9velopper l\u2019amour de la lecture et de la connaissance. Apr\u00e8s les magazines \u00abFounoune\u00bb, \u00abla culture marocaine\u00bb et bient\u00f4t la publication du magazine \u00abManahel\u00bb,\u00a0 ce nouveau arriv\u00e9 viendra renforcer le champ culturel national.<\/p>\n<p class=\"c4\">Le magazine \u00ab\u00a0Iqraa\u00bb et bien d\u2019autres \u00e9dit\u00e9s par le Minist\u00e8re, souligne le Ministre de la culture\u00a0 et de la communication dans une allocution pr\u00e9sent\u00e9e en son nom,\u00a0sont des fen\u00eatres ouvertes sur notre culture, civilisation ainsi\u00a0 que\u00a0 sur\u00a0 notre histoire, soci\u00e9t\u00e9\u00a0 et\u00a0 nos langues.<\/p>\n<p class=\"c4\">Le minist\u00e8re de la culture vise \u00e0 travers la publication de ce\u00a0 magazine \u00e0 encourager la lecture et inciter les enfants et les jeunes \u00e0 cet acte civilisationnel, et ce, en cr\u00e9ant un continu destin\u00e9\u00a0 essentiellement \u00e0 cette cat\u00e9gorie d\u2019\u00e2ge. Dans son allocution, le ministre a soulign\u00e9 qu\u2019une enveloppe de plus de 11.000.000 dhs est consacr\u00e9e annuellement par le Minist\u00e8re au soutien du secteur de l\u2019\u00e9dition et du livre, dont bien entendu les magazines culturels qui\u00a0 s\u2019int\u00e9ressent davantage aux questions des enfants, des jeunes ainsi que des associations de la soci\u00e9t\u00e9 civile qui\u00a0 \u0153uvrent pour la promotion et la sensibilisation \u00e0 la lecture.<\/p>\n<p class=\"c4\">Selon lui toujours, 1.510.000.00 dh a \u00e9t\u00e9 consacr\u00e9 au soutien des magazines culturels au titre de l\u2019ann\u00e9e de 2019 et un budget de 1.617.000.00 au soutien de la\u00a0 lecture.<\/p>\n<p class=\"c4\">Pour Jamal Boutaib, directeur responsable du magazine, cette nouvelle publication permettra aux enfants et aux jeunes Marocains de d\u00e9couvrir de pr\u00e8s la r\u00e9alit\u00e9 marocaine et l\u2019identit\u00e9 nationale en se basant\u00a0 sur les valeurs de la soci\u00e9t\u00e9 marocaine, \u00e0 travers les contributions de divers cadres, professeurs et sp\u00e9cialistes en la mati\u00e8re.<\/p>\n<p class=\"c4\">Au fil des pages, le jeune public pourra d\u00e9couvrir les sites et les monuments \u00a0\u00a0historiques et arch\u00e9ologiques, la culture et le patrimoine marocains. En outre, ce premier num\u00e9ro braque les lumi\u00e8res sur ce site\u00a0 historique de Challah, l\u2019innovation de t\u00e9l\u00e9phone, ainsi que des figures de proue ayant marqu\u00e9 la sc\u00e8ne nationale dans tous les domaines.<strong>\u00a0<\/strong><\/p>\n<p class=\"c5\"><strong>Mohamed Nait Youssef<\/strong><\/p>\n<p>Auteur: rahal mehamed<br \/>\n<a href=\"http:\/\/albayane.press.ma\/iqraa-un-nouveau-magazine-destine-aux-jeunes-lecteurs.html\">Cliquez ici pour lire l&rsquo;article depuis sa source.<\/a><\/p>\n","protected":false},"excerpt":{"rendered":"<p>\u00abIqraa\u00bb est l\u2019intitul\u00e9 du nouveau magazine destin\u00e9 aux enfants et aux jeunes lecteurs et lectrices\u00a0 \u00e9dit\u00e9 par le Minist\u00e8re de la Culture et de la Communication, d\u00e9partement de la Culture. Ce nouveau n\u00e9 a \u00e9t\u00e9 pr\u00e9sent\u00e9\u00a0 vendredi 4 juillet \u00e0 Rabat\u00a0 lors d\u2019un point de presse organis\u00e9 par le Minist\u00e8re de la tutelle. Ce magazine, [&hellip;]<\/p>\n","protected":false},"author":1760,"featured_media":0,"comment_status":"closed","ping_status":"closed","sticky":false,"template":"","format":"standard","meta":{"fifu_image_url":"","fifu_image_alt":"","footnotes":""},"categories":[73,54],"tags":[],"class_list":["post-44986","post","type-post","status-publish","format-standard","hentry","category-actualite","category-maroc"],"_links":{"self":[{"href":"https:\/\/linitiative.ca\/International\/wp-json\/wp\/v2\/posts\/44986","targetHints":{"allow":["GET"]}}],"collection":[{"href":"https:\/\/linitiative.ca\/International\/wp-json\/wp\/v2\/posts"}],"about":[{"href":"https:\/\/linitiative.ca\/International\/wp-json\/wp\/v2\/types\/post"}],"author":[{"embeddable":true,"href":"https:\/\/linitiative.ca\/International\/wp-json\/wp\/v2\/users\/1760"}],"replies":[{"embeddable":true,"href":"https:\/\/linitiative.ca\/International\/wp-json\/wp\/v2\/comments?post=44986"}],"version-history":[{"count":0,"href":"https:\/\/linitiative.ca\/International\/wp-json\/wp\/v2\/posts\/44986\/revisions"}],"wp:attachment":[{"href":"https:\/\/linitiative.ca\/International\/wp-json\/wp\/v2\/media?parent=44986"}],"wp:term":[{"taxonomy":"category","embeddable":true,"href":"https:\/\/linitiative.ca\/International\/wp-json\/wp\/v2\/categories?post=44986"},{"taxonomy":"post_tag","embeddable":true,"href":"https:\/\/linitiative.ca\/International\/wp-json\/wp\/v2\/tags?post=44986"}],"curies":[{"name":"wp","href":"https:\/\/api.w.org\/{rel}","templated":true}]}}