{"id":44989,"date":"2019-07-08T05:45:15","date_gmt":"2019-07-08T09:45:15","guid":{"rendered":"https:\/\/linitiative.ca\/International\/gestion-deleguee\/"},"modified":"2019-07-08T05:45:15","modified_gmt":"2019-07-08T09:45:15","slug":"gestion-deleguee","status":"publish","type":"post","link":"https:\/\/linitiative.ca\/International\/gestion-deleguee\/","title":{"rendered":"Gestion d\u00e9l\u00e9gu\u00e9e!"},"content":{"rendered":"<p class=\"c4\"><span class=\"c3\"><strong><span class=\"c2\">D<\/span>epuis un certain temps, des collectivit\u00e9s locales se lancent dans des op\u00e9rations de cession de certains services, reli\u00e9es en principe, aux t\u00e2ches quotidiennes des communes.<\/strong><\/span><\/p>\n<p class=\"c4\">En fait, l\u2019initiative para\u00eet logique puisque nombre de conseils communaux se montrent incapables de g\u00e9rer comme il se doit des casse-t\u00eates, notamment la collecte, au quotidien, des d\u00e9chets domestiques, l\u2019assainissement solide, le transport urbain, la distribution d\u2019eau et d\u2019\u00e9lectricit\u00e9\u2026<\/p>\n<p class=\"c4\">Cette substitution semble bien \u00eatre une solution, car on constatera, non sans d\u00e9solation, la profusion d\u2019ordures dans la voie publique, avec des odeurs pestilentielles, la v\u00e9tust\u00e9 et la carence des v\u00e9hicules sur les lignes de d\u00e9placement en commun, d\u00e9gageant de drues fum\u00e9es toxiques, le dysfonctionnement de la dotation des produits vitaux consentis, pour des factures exorbitantes\u2026<\/p>\n<p class=\"c4\">Les exemples des m\u00e9tropoles, tels Sal\u00e9, Casablanca, Rabat et bien d\u2019autres se passent de tout commentaire. Or, ces courroies de transmission s\u2019av\u00e8rent-elles r\u00e9ellement des soupapes de s\u00e9curit\u00e9 appropri\u00e9es \u00e0 des besoins d\u2019utilit\u00e9 et de consommation pressants\u00a0? A voir les d\u00e9faillances dont font preuve certaines compagnies adjudicataires, on dirait, malheureusement, que cette exp\u00e9rience est vou\u00e9e \u00e0 l\u2019\u00e9chec dans bien des cas.<\/p>\n<p class=\"c4\">Les parties d\u00e9l\u00e9gataires qui ont inject\u00e9 le budget des contribuables pour att\u00e9nuer leurs charges journali\u00e8res, en raison du \u00a0manque de savoir-faire en la mati\u00e8re et de ressources humaines suffisantes, se posent la question si ces d\u00e9marches valent bien la peine.<\/p>\n<p class=\"c4\">Aujourd\u2019hui, de nombreuses communes se trouvent dans l\u2019impuissance devant les approximations des services d\u00e9l\u00e9gu\u00e9s et se voient contraintes de subir toutes ces incommodit\u00e9s. Dans bien cas, la situation est complexe pour cette gestion d\u00e9l\u00e9gu\u00e9e en d\u00e9ch\u00e9ance.<\/p>\n<p class=\"c4\">Les objectifs que s\u2019assignaient alors les communes s\u2019en trouvent s\u00e9rieusement affect\u00e9s, du fait qu\u2019elles se mettent constamment en litige face \u00e0 leurs partenaires. Il va sans aussi dire que la tentative entam\u00e9e par un certain nombre de communes dans ce sens n\u2019est, en fait, que dans son \u00e9tat embryonnaire. Il faudrait alors beaucoup de temps pour que nos communes, \u00e0 partir de toutes ces d\u00e9convenues, n\u00e9gocient avec les soci\u00e9t\u00e9s adjudicataires, d\u2019\u00e9gal \u00e0 \u00e9gal, toutes les dispositions des contrats en faisant int\u00e9grer dans les pourparlers, les experts en juridiction, car nos \u00e9lus, dans la plupart du temps, se croient tout savoir.<\/p>\n<p class=\"c4\">La d\u00e9bandade que connait actuellement la gestion d\u00e9l\u00e9gu\u00e9e dans nombreuses communes porte pr\u00e9judice aux deniers publics et ass\u00e8ne des coups durs aux int\u00e9r\u00eats des citoyens. La politique de la ville que lance maintenant le minist\u00e8re de tutelle, avec d\u00e9termination, s\u2019adresse aussi \u00e0 la tra\u00e7abilit\u00e9 et la correction de tous ces services publics pour un cadre de vie agr\u00e9able et une condition d\u2019existence d\u00e9cente.<\/p>\n<p>Auteur: rahal mehamed<br \/>\n<a href=\"http:\/\/albayane.press.ma\/gestion-deleguee-2.html\">Cliquez ici pour lire l&rsquo;article depuis sa source.<\/a><\/p>\n","protected":false},"excerpt":{"rendered":"<p>Depuis un certain temps, des collectivit\u00e9s locales se lancent dans des op\u00e9rations de cession de certains services, reli\u00e9es en principe, aux t\u00e2ches quotidiennes des communes. En fait, l\u2019initiative para\u00eet logique puisque nombre de conseils communaux se montrent incapables de g\u00e9rer comme il se doit des casse-t\u00eates, notamment la collecte, au quotidien, des d\u00e9chets domestiques, l\u2019assainissement [&hellip;]<\/p>\n","protected":false},"author":1760,"featured_media":0,"comment_status":"closed","ping_status":"closed","sticky":false,"template":"","format":"standard","meta":{"fifu_image_url":"","fifu_image_alt":"","footnotes":""},"categories":[73,54],"tags":[],"class_list":["post-44989","post","type-post","status-publish","format-standard","hentry","category-actualite","category-maroc"],"_links":{"self":[{"href":"https:\/\/linitiative.ca\/International\/wp-json\/wp\/v2\/posts\/44989","targetHints":{"allow":["GET"]}}],"collection":[{"href":"https:\/\/linitiative.ca\/International\/wp-json\/wp\/v2\/posts"}],"about":[{"href":"https:\/\/linitiative.ca\/International\/wp-json\/wp\/v2\/types\/post"}],"author":[{"embeddable":true,"href":"https:\/\/linitiative.ca\/International\/wp-json\/wp\/v2\/users\/1760"}],"replies":[{"embeddable":true,"href":"https:\/\/linitiative.ca\/International\/wp-json\/wp\/v2\/comments?post=44989"}],"version-history":[{"count":0,"href":"https:\/\/linitiative.ca\/International\/wp-json\/wp\/v2\/posts\/44989\/revisions"}],"wp:attachment":[{"href":"https:\/\/linitiative.ca\/International\/wp-json\/wp\/v2\/media?parent=44989"}],"wp:term":[{"taxonomy":"category","embeddable":true,"href":"https:\/\/linitiative.ca\/International\/wp-json\/wp\/v2\/categories?post=44989"},{"taxonomy":"post_tag","embeddable":true,"href":"https:\/\/linitiative.ca\/International\/wp-json\/wp\/v2\/tags?post=44989"}],"curies":[{"name":"wp","href":"https:\/\/api.w.org\/{rel}","templated":true}]}}