{"id":44990,"date":"2019-07-08T04:58:49","date_gmt":"2019-07-08T08:58:49","guid":{"rendered":"https:\/\/linitiative.ca\/International\/mouvements-de-protestations-les-douaniers-portent-le-brassard-rouge\/"},"modified":"2019-07-08T04:58:49","modified_gmt":"2019-07-08T08:58:49","slug":"mouvements-de-protestations-les-douaniers-portent-le-brassard-rouge","status":"publish","type":"post","link":"https:\/\/linitiative.ca\/International\/mouvements-de-protestations-les-douaniers-portent-le-brassard-rouge\/","title":{"rendered":"Mouvements de protestations : Les douaniers portent le brassard rouge"},"content":{"rendered":"<p>Le syndicat unifi\u00e9 des agents de la Douane Tunisienne a lanc\u00e9 un appel \u00e0 ses adh\u00e9rents pour porter le brassard rouge, \u00e0 partir de samedi jusqu\u2019\u00e0 mercredi, dans toutes les r\u00e9gions de la R\u00e9publique.<\/p>\n<p>D\u00e9cid\u00e9e \u00e0 l\u2019issue de la r\u00e9union du bureau ex\u00e9cutif du syndicat tenue, samedi, apr\u00e8s la fin du d\u00e9lai accord\u00e9 par le bureau national au minist\u00e8re de tutelle, cette mesure intervient pour protester contre l\u2019indiff\u00e9rence du minist\u00e8re de Finances face aux revendications l\u00e9gales des agents de la douane, pr\u00e9cise un communiqu\u00e9, publi\u00e9 par le syndicat.<\/p>\n<p>Il a \u00e9t\u00e9 d\u00e9cid\u00e9, \u00e9galement, que les agents de la douane observent des sit-in les 11, 12 et 13 juillet courant, \u00e0 partir de 10h00 jusqu\u2019\u00e0 12h00, dans tout le pays, tout en portant le brassard rouge.<\/p>\n<p>\u00bb Le syndicat a menac\u00e9 de durcir les mouvements de protestation et de recourir \u00e0 l\u2019escalade, si le minist\u00e8re des Finances ne r\u00e9agit pas \u00e0 leurs revendications \u00ab , peut-on lire dans le communiqu\u00e9.<\/p>\n<p>A noter que la r\u00e9union g\u00e9n\u00e9rale du syndicat qui a \u00e9t\u00e9 organis\u00e9e les 15 et 16 juin 2019 \u00e0 Hammamet (Nabeul), avait d\u00e9cid\u00e9 de donner aux autorit\u00e9s de tutelle deux semaines pour concr\u00e9tiser les accords sign\u00e9s depuis 2016, avant d\u2019entreprendre une s\u00e9rie de protestations l\u00e9gales.<\/p>\n<p>Le pr\u00e9sident du bureau ex\u00e9cutif du syndicat, Habib El Habibi, avait soulign\u00e9, \u00e0 cette occasion, que \u00bb ces accords comportent une s\u00e9rie de revendications, notamment l\u2019augmentation de la prime de risque, dont b\u00e9n\u00e9ficient les unit\u00e9s de l\u2019arm\u00e9e et de la garde nationale, outre l\u2019augmentation du taux de majoration des heures sup\u00e9rieures rest\u00e9s les m\u00eames depuis 1981.<\/p>\n<p>Il est \u00e0 rappeler, dans le m\u00eame cadre, que le bureau national du syndicat avait exprim\u00e9 son refus cat\u00e9gorique \u00bb de l\u2019exclusion des agents de la douane du personnel des services actifs qui b\u00e9n\u00e9ficient de la retraite \u00e0 l\u2019\u00e2ge de 57 ans \u00ab .<\/p>\n<p class=\"dpsp-share-text\">Partager c&rsquo;est aimer!<\/p>\n<div class=\"wp-post-author-wrap wp-post-author-shortcode left\">\n<h3 class=\"awpa-title\"\/>\n<div class=\"wp-post-author\">\n<div class=\"awpa-img awpa-author-block square\"><a href=\"http:\/\/lexpertjournal.net\/fr\/author\/expert\/\"><img loading=\"lazy\" decoding=\"async\" alt=\"\" src=\"http:\/\/2.gravatar.com\/avatar\/56d99be2a6f97af88ccb49fada637fcd?s=150&#038;d=mm&#038;r=g\" srcset=\"http:\/\/2.gravatar.com\/avatar\/56d99be2a6f97af88ccb49fada637fcd?s=300&#038;d=mm&#038;r=g 2x\" class=\"avatar avatar-150 photo\" height=\"150\" width=\"150\"\/><\/a><\/div>\n<\/div>\n<\/div>\n<p>Auteur: L&rsquo;expert<br \/>\n<a href=\"http:\/\/lexpertjournal.net\/fr\/2019\/07\/08\/mouvements-de-protestations-les-douaniers-portent-le-brassard-rouge\/\">Cliquez ici pour lire l&rsquo;article depuis sa source.<\/a><\/p>\n","protected":false},"excerpt":{"rendered":"<p>Le syndicat unifi\u00e9 des agents de la Douane Tunisienne a lanc\u00e9 un appel \u00e0 ses adh\u00e9rents pour porter le brassard rouge, \u00e0 partir de samedi jusqu\u2019\u00e0 mercredi, dans toutes les r\u00e9gions de la R\u00e9publique. D\u00e9cid\u00e9e \u00e0 l\u2019issue de la r\u00e9union du bureau ex\u00e9cutif du syndicat tenue, samedi, apr\u00e8s la fin du d\u00e9lai accord\u00e9 par le [&hellip;]<\/p>\n","protected":false},"author":1775,"featured_media":0,"comment_status":"closed","ping_status":"closed","sticky":false,"template":"","format":"standard","meta":{"fifu_image_url":"","fifu_image_alt":"","footnotes":""},"categories":[78,55],"tags":[],"class_list":["post-44990","post","type-post","status-publish","format-standard","hentry","category-economie","category-tunisie"],"_links":{"self":[{"href":"https:\/\/linitiative.ca\/International\/wp-json\/wp\/v2\/posts\/44990","targetHints":{"allow":["GET"]}}],"collection":[{"href":"https:\/\/linitiative.ca\/International\/wp-json\/wp\/v2\/posts"}],"about":[{"href":"https:\/\/linitiative.ca\/International\/wp-json\/wp\/v2\/types\/post"}],"author":[{"embeddable":true,"href":"https:\/\/linitiative.ca\/International\/wp-json\/wp\/v2\/users\/1775"}],"replies":[{"embeddable":true,"href":"https:\/\/linitiative.ca\/International\/wp-json\/wp\/v2\/comments?post=44990"}],"version-history":[{"count":0,"href":"https:\/\/linitiative.ca\/International\/wp-json\/wp\/v2\/posts\/44990\/revisions"}],"wp:attachment":[{"href":"https:\/\/linitiative.ca\/International\/wp-json\/wp\/v2\/media?parent=44990"}],"wp:term":[{"taxonomy":"category","embeddable":true,"href":"https:\/\/linitiative.ca\/International\/wp-json\/wp\/v2\/categories?post=44990"},{"taxonomy":"post_tag","embeddable":true,"href":"https:\/\/linitiative.ca\/International\/wp-json\/wp\/v2\/tags?post=44990"}],"curies":[{"name":"wp","href":"https:\/\/api.w.org\/{rel}","templated":true}]}}