{"id":44991,"date":"2019-07-08T05:02:59","date_gmt":"2019-07-08T09:02:59","guid":{"rendered":"https:\/\/linitiative.ca\/International\/produits-du-terroir-un-marche-pour-les-figues-de-djebba\/"},"modified":"2019-07-08T05:02:59","modified_gmt":"2019-07-08T09:02:59","slug":"produits-du-terroir-un-marche-pour-les-figues-de-djebba","status":"publish","type":"post","link":"https:\/\/linitiative.ca\/International\/produits-du-terroir-un-marche-pour-les-figues-de-djebba\/","title":{"rendered":"Produits du terroir :  Un march\u00e9 pour les figues de Djebba"},"content":{"rendered":"<p>Le march\u00e9 des figues de Djebba s\u2019est ouvert, dimanche, parall\u00e8lement au 3e festival qui porte le nom de ce fruit embl\u00e9matique du village de montagne situ\u00e9, au nord-ouest du pays (gouvernorat de B\u00e9ja). Le festival se poursuit, au 15 juillet 2019, sous le signe \u00ab figue de Djebba, appellation d\u2019origine contr\u00f4l\u00e9e \u00bb.<\/p>\n<p>Un point de vente du producteur au consommateur d\u00e9di\u00e9 \u00e0 la figue de la vari\u00e9t\u00e9 \u00ab Bouhouli \u00bb a \u00e9t\u00e9 install\u00e9, \u00e0 la soci\u00e9t\u00e9 mutuelle des fruits de Djebba. \u00ab Cette vari\u00e9t\u00e9 est unique sur le march\u00e9 national \u00bb, souligne avec fiert\u00e9 le pr\u00e9sident de l\u2019association du festival, Faouzi Djebbi, pr\u00e9cisant que 80% des vergers de figues \u00e0 Djebba sont consacr\u00e9s \u00e0 cette vari\u00e9t\u00e9 qui donne deux r\u00e9coltes, en deux mois, les primeurs \u00bb Bither \u00bb et le fruit de saison.<\/p>\n<p>L\u2019actuelle r\u00e9colte est estim\u00e9e \u00e0 3 mille tonnes, proche de la moyenne annuelle qui est de 3,5 mille tonnes.<\/p>\n<p>Les figues de Djebba b\u00e9n\u00e9ficient du label AOC (appellation d\u2019origine contr\u00f4l\u00e9e) et de l\u2019appui du \u00ab Projet d\u2019acc\u00e8s aux march\u00e9s des produits agro-alimentaires et de terroir \u00bb (Pampat), avec l\u2019aide de l\u2019ONUDI (Organisation des Nations Unies pour le d\u00e9veloppement industriel) et de la Suisse. Ces aides ont permis la valorisation de la figue de Djebba (figue s\u00e9ch\u00e9e, confiture\u2026) et l\u2019acc\u00e8s de ce produit aux march\u00e9s ext\u00e9rieurs.<\/p>\n<p class=\"dpsp-share-text\">Partager c&rsquo;est aimer!<\/p>\n<div class=\"wp-post-author-wrap wp-post-author-shortcode left\">\n<h3 class=\"awpa-title\"\/>\n<div class=\"wp-post-author\">\n<div class=\"awpa-img awpa-author-block square\"><a href=\"http:\/\/lexpertjournal.net\/fr\/author\/expert\/\"><img loading=\"lazy\" decoding=\"async\" alt=\"\" src=\"http:\/\/2.gravatar.com\/avatar\/56d99be2a6f97af88ccb49fada637fcd?s=150&#038;d=mm&#038;r=g\" srcset=\"http:\/\/2.gravatar.com\/avatar\/56d99be2a6f97af88ccb49fada637fcd?s=300&#038;d=mm&#038;r=g 2x\" class=\"avatar avatar-150 photo\" height=\"150\" width=\"150\"\/><\/a><\/div>\n<\/div>\n<\/div>\n<p>Auteur: L&rsquo;expert<br \/>\n<a href=\"http:\/\/lexpertjournal.net\/fr\/2019\/07\/08\/produits-du-terroir-un-marche-pour-les-figues-de-djebba\/\">Cliquez ici pour lire l&rsquo;article depuis sa source.<\/a><\/p>\n","protected":false},"excerpt":{"rendered":"<p>Le march\u00e9 des figues de Djebba s\u2019est ouvert, dimanche, parall\u00e8lement au 3e festival qui porte le nom de ce fruit embl\u00e9matique du village de montagne situ\u00e9, au nord-ouest du pays (gouvernorat de B\u00e9ja). Le festival se poursuit, au 15 juillet 2019, sous le signe \u00ab figue de Djebba, appellation d\u2019origine contr\u00f4l\u00e9e \u00bb. Un point de [&hellip;]<\/p>\n","protected":false},"author":1775,"featured_media":0,"comment_status":"closed","ping_status":"closed","sticky":false,"template":"","format":"standard","meta":{"fifu_image_url":"","fifu_image_alt":"","footnotes":""},"categories":[78,55],"tags":[],"class_list":["post-44991","post","type-post","status-publish","format-standard","hentry","category-economie","category-tunisie"],"_links":{"self":[{"href":"https:\/\/linitiative.ca\/International\/wp-json\/wp\/v2\/posts\/44991","targetHints":{"allow":["GET"]}}],"collection":[{"href":"https:\/\/linitiative.ca\/International\/wp-json\/wp\/v2\/posts"}],"about":[{"href":"https:\/\/linitiative.ca\/International\/wp-json\/wp\/v2\/types\/post"}],"author":[{"embeddable":true,"href":"https:\/\/linitiative.ca\/International\/wp-json\/wp\/v2\/users\/1775"}],"replies":[{"embeddable":true,"href":"https:\/\/linitiative.ca\/International\/wp-json\/wp\/v2\/comments?post=44991"}],"version-history":[{"count":0,"href":"https:\/\/linitiative.ca\/International\/wp-json\/wp\/v2\/posts\/44991\/revisions"}],"wp:attachment":[{"href":"https:\/\/linitiative.ca\/International\/wp-json\/wp\/v2\/media?parent=44991"}],"wp:term":[{"taxonomy":"category","embeddable":true,"href":"https:\/\/linitiative.ca\/International\/wp-json\/wp\/v2\/categories?post=44991"},{"taxonomy":"post_tag","embeddable":true,"href":"https:\/\/linitiative.ca\/International\/wp-json\/wp\/v2\/tags?post=44991"}],"curies":[{"name":"wp","href":"https:\/\/api.w.org\/{rel}","templated":true}]}}