{"id":44993,"date":"2019-07-08T05:34:19","date_gmt":"2019-07-08T09:34:19","guid":{"rendered":"https:\/\/linitiative.ca\/International\/exportations-absence-de-difficultes-pour-lecoulement-des-dattes\/"},"modified":"2019-07-08T05:34:19","modified_gmt":"2019-07-08T09:34:19","slug":"exportations-absence-de-difficultes-pour-lecoulement-des-dattes","status":"publish","type":"post","link":"https:\/\/linitiative.ca\/International\/exportations-absence-de-difficultes-pour-lecoulement-des-dattes\/","title":{"rendered":"Exportations : Absence de difficult\u00e9s pour l\u2019\u00e9coulement des dattes"},"content":{"rendered":"<p>La r\u00e9colte des dattes ne conna\u00eetra pas cette saison de difficult\u00e9s d\u2019\u00e9coulement \u00e0 la faveur de l\u2019exportation des quantit\u00e9s r\u00e9colt\u00e9es a soulign\u00e9, dimanche, \u00e0 K\u00e9bili, le ministre du Commerce Omar B\u00e9hi.<\/p>\n<p>B\u00e9hi a relev\u00e9, au cours d\u2019une journ\u00e9e d\u2019information, sur le projet de cr\u00e9ation d\u2019un grand march\u00e9 de production des dattes dans la r\u00e9gion, l\u2019am\u00e9lioration de la capacit\u00e9 d\u2019exportation directe de la r\u00e9gion de sa production de dattes qui s\u2019est multipli\u00e9e par dix au cours de la derni\u00e8re d\u00e9cennie, pour passer de 2000 tonnes en 2008 \u00e0 plus de 23 mille tonnes en 2018.<\/p>\n<p>La journ\u00e9e d\u2019information a \u00e9t\u00e9 consacr\u00e9e \u00e0 la pr\u00e9sentation des perspectives de d\u00e9veloppement que le projet de cr\u00e9ation du grand march\u00e9 des dattes dans la r\u00e9gion porte du fait qu\u2019il constitue une grande opportunit\u00e9 de promotion du secteur de production, de valorisation et d\u2019exportation du produit.<\/p>\n<p>D\u2019apr\u00e8s le ministre du Commerce, ce march\u00e9 va abriter un espace organis\u00e9 pour l\u2019offre et la demande, pouvant aider \u00e0 la maitrise des prix des dattes dont la commercialisation demeure hors des circuits de distribution, assurant que ce march\u00e9 sera form\u00e9 sous forme d\u2019une soci\u00e9t\u00e9 \u00e0 laquelle vont contribuer les diff\u00e9rentes municipalit\u00e9s de la r\u00e9gion.<\/p>\n<p>Il a \u00e9voqu\u00e9, dans ce cadre, les effets positifs du projet sur les agriculteurs d\u2019une mani\u00e8re g\u00e9n\u00e9rale et les petits agriculteurs en particulier, \u00e9tant donn\u00e9 que ce march\u00e9 leur offrira l\u2019opportunit\u00e9 d\u2019exposer leurs produits et de communiquer directement avec les commer\u00e7ants qui vont acqu\u00e9rir les produits et les revendre \u00e0 des prix d\u2019une mani\u00e8re transparente.<\/p>\n<p>Ce march\u00e9 renfermerait des entrep\u00f4ts pour la conservation des dattes et leur conditionnement outre des unit\u00e9s pour leur transformation, ce qui est de nature \u00e0 donner au produit une forte valeur ajout\u00e9e dans les industries de transformation alimentaire, \u00e0 l\u2019instar de l\u2019extraction du sucre et l\u2019industrialisation de la p\u00e2te des dattes.<\/p>\n<p>Selon le pr\u00e9sident de l\u2019Union R\u00e9gionale de l\u2019Industrie, du Commerce et de l\u2019Artisanat, Abadallah Mkacher, la cr\u00e9ation de ce grand march\u00e9 de dattes dans le gouvernorat de K\u00e9bili qui contribue \u00e0 plus de 75% de la production nationale des dattes suffit pour ouvrir de nouveaux horizons devant la commercialisation garantissant davantage de rentabilit\u00e9 \u00e0 l\u2019agriculteur d\u2019une part et cr\u00e9er une dynamique dans la r\u00e9gion gr\u00e2ce aux revenus que l\u2019agriculteur va gagner depuis ce march\u00e9.<\/p>\n<p class=\"dpsp-share-text\">Partager c&rsquo;est aimer!<\/p>\n<div class=\"wp-post-author-wrap wp-post-author-shortcode left\">\n<h3 class=\"awpa-title\"\/>\n<div class=\"wp-post-author\">\n<div class=\"awpa-img awpa-author-block square\"><a href=\"http:\/\/lexpertjournal.net\/fr\/author\/expert\/\"><img loading=\"lazy\" decoding=\"async\" alt=\"\" src=\"http:\/\/2.gravatar.com\/avatar\/56d99be2a6f97af88ccb49fada637fcd?s=150&#038;d=mm&#038;r=g\" srcset=\"http:\/\/2.gravatar.com\/avatar\/56d99be2a6f97af88ccb49fada637fcd?s=300&#038;d=mm&#038;r=g 2x\" class=\"avatar avatar-150 photo\" height=\"150\" width=\"150\"\/><\/a><\/div>\n<\/div>\n<\/div>\n<p>Auteur: L&rsquo;expert<br \/>\n<a href=\"http:\/\/lexpertjournal.net\/fr\/2019\/07\/08\/exportations-absence-de-difficultes-pour-lecoulement-des-dattes\/\">Cliquez ici pour lire l&rsquo;article depuis sa source.<\/a><\/p>\n","protected":false},"excerpt":{"rendered":"<p>La r\u00e9colte des dattes ne conna\u00eetra pas cette saison de difficult\u00e9s d\u2019\u00e9coulement \u00e0 la faveur de l\u2019exportation des quantit\u00e9s r\u00e9colt\u00e9es a soulign\u00e9, dimanche, \u00e0 K\u00e9bili, le ministre du Commerce Omar B\u00e9hi. B\u00e9hi a relev\u00e9, au cours d\u2019une journ\u00e9e d\u2019information, sur le projet de cr\u00e9ation d\u2019un grand march\u00e9 de production des dattes dans la r\u00e9gion, l\u2019am\u00e9lioration [&hellip;]<\/p>\n","protected":false},"author":1775,"featured_media":0,"comment_status":"closed","ping_status":"closed","sticky":false,"template":"","format":"standard","meta":{"fifu_image_url":"","fifu_image_alt":"","footnotes":""},"categories":[78,55],"tags":[],"class_list":["post-44993","post","type-post","status-publish","format-standard","hentry","category-economie","category-tunisie"],"_links":{"self":[{"href":"https:\/\/linitiative.ca\/International\/wp-json\/wp\/v2\/posts\/44993","targetHints":{"allow":["GET"]}}],"collection":[{"href":"https:\/\/linitiative.ca\/International\/wp-json\/wp\/v2\/posts"}],"about":[{"href":"https:\/\/linitiative.ca\/International\/wp-json\/wp\/v2\/types\/post"}],"author":[{"embeddable":true,"href":"https:\/\/linitiative.ca\/International\/wp-json\/wp\/v2\/users\/1775"}],"replies":[{"embeddable":true,"href":"https:\/\/linitiative.ca\/International\/wp-json\/wp\/v2\/comments?post=44993"}],"version-history":[{"count":0,"href":"https:\/\/linitiative.ca\/International\/wp-json\/wp\/v2\/posts\/44993\/revisions"}],"wp:attachment":[{"href":"https:\/\/linitiative.ca\/International\/wp-json\/wp\/v2\/media?parent=44993"}],"wp:term":[{"taxonomy":"category","embeddable":true,"href":"https:\/\/linitiative.ca\/International\/wp-json\/wp\/v2\/categories?post=44993"},{"taxonomy":"post_tag","embeddable":true,"href":"https:\/\/linitiative.ca\/International\/wp-json\/wp\/v2\/tags?post=44993"}],"curies":[{"name":"wp","href":"https:\/\/api.w.org\/{rel}","templated":true}]}}