{"id":44994,"date":"2019-07-08T05:36:20","date_gmt":"2019-07-08T09:36:20","guid":{"rendered":"https:\/\/linitiative.ca\/International\/brahim-bouderbala-nouveau-batonnier-des-avocats-je-ne-suis-pas-le-candidat-des-islamistes\/"},"modified":"2019-07-08T05:36:20","modified_gmt":"2019-07-08T09:36:20","slug":"brahim-bouderbala-nouveau-batonnier-des-avocats-je-ne-suis-pas-le-candidat-des-islamistes","status":"publish","type":"post","link":"https:\/\/linitiative.ca\/International\/brahim-bouderbala-nouveau-batonnier-des-avocats-je-ne-suis-pas-le-candidat-des-islamistes\/","title":{"rendered":"Brahim Bouderbala nouveau b\u00e2tonnier des avocats : \u00ab Je ne suis pas le candidat des islamistes \u00bb"},"content":{"rendered":"<p>Le nouveau b\u00e2tonnier, Brahim Bouderbala, \u00e9lu \u00e0 la t\u00eate de l\u2019Ordre des Avocats de Tunisie, a d\u00e9clar\u00e9 ce dimanche, que sa priorit\u00e9 est de servir les int\u00e9r\u00eats de la profession et de l\u2019ensemble des avocats.<\/p>\n<p>\u00ab Je ne suis pas le candidat des islamistes. J\u2019ai \u00e9t\u00e9 \u00e9lu par des avocats de sensibilit\u00e9s politiques diff\u00e9rentes ; des avocats de gauche, des nationalistes, des destouriens ainsi que des islamistes \u00bb, a-t-il pr\u00e9cis\u00e9.<\/p>\n<p>Me Bouderbala a affirm\u00e9 qu\u2019il travaillera avec l\u2019ensemble des avocats sans restriction et sans exclusion d\u2019aucune partie, et ce quelle que soit son orientation politique.<\/p>\n<p>\u00ab Ma priorit\u00e9 est de servir la profession et les int\u00e9r\u00eats des avocats \u00bb, a-t-il soutenu, rappelant qu\u2019il a toujours invit\u00e9 les avocats \u00e0 \u00ab \u00eatre les porte-voix de la profession au sein de leurs partis et non les porte-voix de leur parti dans le corps de la profession \u00bb. \u00ab C\u2019est mon slogan et il le demeurera \u00bb, a-t-il dit.<\/p>\n<p>Pour ces \u00e9lections, Me Bouderbala a indiqu\u00e9 qu\u2019il avait pr\u00e9sent\u00e9 une nouvelle vision pour la prochaine p\u00e9riode, \u00e0 tous les avocats repr\u00e9sentant le secteur.<\/p>\n<p class=\"dpsp-share-text\">Partager c&rsquo;est aimer!<\/p>\n<div class=\"wp-post-author-wrap wp-post-author-shortcode left\">\n<h3 class=\"awpa-title\"\/>\n<div class=\"wp-post-author\">\n<div class=\"awpa-img awpa-author-block square\"><a href=\"http:\/\/lexpertjournal.net\/fr\/author\/expert\/\"><img loading=\"lazy\" decoding=\"async\" alt=\"\" src=\"http:\/\/2.gravatar.com\/avatar\/56d99be2a6f97af88ccb49fada637fcd?s=150&#038;d=mm&#038;r=g\" srcset=\"http:\/\/2.gravatar.com\/avatar\/56d99be2a6f97af88ccb49fada637fcd?s=300&#038;d=mm&#038;r=g 2x\" class=\"avatar avatar-150 photo\" height=\"150\" width=\"150\"\/><\/a><\/div>\n<\/div>\n<\/div>\n<p>Auteur: L&rsquo;expert<br \/>\n<a href=\"http:\/\/lexpertjournal.net\/fr\/2019\/07\/08\/brahim-bouderbala-nouveau-batonnier-des-avocats-je-ne-suis-pas-le-candidat-des-islamistes\/\">Cliquez ici pour lire l&rsquo;article depuis sa source.<\/a><\/p>\n","protected":false},"excerpt":{"rendered":"<p>Le nouveau b\u00e2tonnier, Brahim Bouderbala, \u00e9lu \u00e0 la t\u00eate de l\u2019Ordre des Avocats de Tunisie, a d\u00e9clar\u00e9 ce dimanche, que sa priorit\u00e9 est de servir les int\u00e9r\u00eats de la profession et de l\u2019ensemble des avocats. \u00ab Je ne suis pas le candidat des islamistes. J\u2019ai \u00e9t\u00e9 \u00e9lu par des avocats de sensibilit\u00e9s politiques diff\u00e9rentes ; [&hellip;]<\/p>\n","protected":false},"author":1775,"featured_media":0,"comment_status":"closed","ping_status":"closed","sticky":false,"template":"","format":"standard","meta":{"fifu_image_url":"","fifu_image_alt":"","footnotes":""},"categories":[78,55],"tags":[],"class_list":["post-44994","post","type-post","status-publish","format-standard","hentry","category-economie","category-tunisie"],"_links":{"self":[{"href":"https:\/\/linitiative.ca\/International\/wp-json\/wp\/v2\/posts\/44994","targetHints":{"allow":["GET"]}}],"collection":[{"href":"https:\/\/linitiative.ca\/International\/wp-json\/wp\/v2\/posts"}],"about":[{"href":"https:\/\/linitiative.ca\/International\/wp-json\/wp\/v2\/types\/post"}],"author":[{"embeddable":true,"href":"https:\/\/linitiative.ca\/International\/wp-json\/wp\/v2\/users\/1775"}],"replies":[{"embeddable":true,"href":"https:\/\/linitiative.ca\/International\/wp-json\/wp\/v2\/comments?post=44994"}],"version-history":[{"count":0,"href":"https:\/\/linitiative.ca\/International\/wp-json\/wp\/v2\/posts\/44994\/revisions"}],"wp:attachment":[{"href":"https:\/\/linitiative.ca\/International\/wp-json\/wp\/v2\/media?parent=44994"}],"wp:term":[{"taxonomy":"category","embeddable":true,"href":"https:\/\/linitiative.ca\/International\/wp-json\/wp\/v2\/categories?post=44994"},{"taxonomy":"post_tag","embeddable":true,"href":"https:\/\/linitiative.ca\/International\/wp-json\/wp\/v2\/tags?post=44994"}],"curies":[{"name":"wp","href":"https:\/\/api.w.org\/{rel}","templated":true}]}}