{"id":44995,"date":"2019-07-08T05:38:22","date_gmt":"2019-07-08T09:38:22","guid":{"rendered":"https:\/\/linitiative.ca\/International\/parution-au-jort-gel-des-fonds-de-lassociation-coranique-ibn-omar-de-regueb\/"},"modified":"2019-07-08T05:38:22","modified_gmt":"2019-07-08T09:38:22","slug":"parution-au-jort-gel-des-fonds-de-lassociation-coranique-ibn-omar-de-regueb","status":"publish","type":"post","link":"https:\/\/linitiative.ca\/International\/parution-au-jort-gel-des-fonds-de-lassociation-coranique-ibn-omar-de-regueb\/","title":{"rendered":"Parution au JORT : Gel des fonds de l\u2019association coranique Ibn Omar de R\u00e9gueb"},"content":{"rendered":"<p>Quarante-cinq d\u00e9cisions de la Commission nationale de lutte contre le terrorisme (CNLCT) concernant le gel ou le renouvellement de la mesure de gel des fonds et des ressources \u00e9conomiques d\u2019organisations et d\u2019entit\u00e9s en lien avec le terrorisme, ont \u00e9t\u00e9 publi\u00e9es dans le dernier num\u00e9ro du Journal officiel de la R\u00e9publique tunisienne (JORT).<\/p>\n<p>La liste comprend quatre nouvelles d\u00e9cisions rendues le 21 juin 2019. Parmi ces d\u00e9cisions, on cite l\u2019association coranique Ibn Omar de R\u00e9gueb (gouvernorat de Sidi Bouzid) et celle qui concerne son repr\u00e9sentant l\u00e9gal Farouk Zribi. Ce dernier est accus\u00e9 d\u2019exploiter un espace, o\u00f9 ont \u00e9t\u00e9 commis plusieurs d\u00e9passements et constituant une menace directe \u00e0 la s\u00e9curit\u00e9 morale et physique des enfants en leur inculquant l\u2019extr\u00e9misme, le fanatisme et la haine.<\/p>\n<p class=\"dpsp-share-text\">Partager c&rsquo;est aimer!<\/p>\n<div class=\"wp-post-author-wrap wp-post-author-shortcode left\">\n<h3 class=\"awpa-title\"\/>\n<div class=\"wp-post-author\">\n<div class=\"awpa-img awpa-author-block square\"><a href=\"http:\/\/lexpertjournal.net\/fr\/author\/expert\/\"><img loading=\"lazy\" decoding=\"async\" alt=\"\" src=\"http:\/\/2.gravatar.com\/avatar\/56d99be2a6f97af88ccb49fada637fcd?s=150&#038;d=mm&#038;r=g\" srcset=\"http:\/\/2.gravatar.com\/avatar\/56d99be2a6f97af88ccb49fada637fcd?s=300&#038;d=mm&#038;r=g 2x\" class=\"avatar avatar-150 photo\" height=\"150\" width=\"150\"\/><\/a><\/div>\n<\/div>\n<\/div>\n<p>Auteur: L&rsquo;expert<br \/>\n<a href=\"http:\/\/lexpertjournal.net\/fr\/2019\/07\/08\/parution-au-jort-gel-des-fonds-de-lassociation-coranique-ibn-omar-de-regueb\/\">Cliquez ici pour lire l&rsquo;article depuis sa source.<\/a><\/p>\n","protected":false},"excerpt":{"rendered":"<p>Quarante-cinq d\u00e9cisions de la Commission nationale de lutte contre le terrorisme (CNLCT) concernant le gel ou le renouvellement de la mesure de gel des fonds et des ressources \u00e9conomiques d\u2019organisations et d\u2019entit\u00e9s en lien avec le terrorisme, ont \u00e9t\u00e9 publi\u00e9es dans le dernier num\u00e9ro du Journal officiel de la R\u00e9publique tunisienne (JORT). La liste comprend [&hellip;]<\/p>\n","protected":false},"author":1775,"featured_media":0,"comment_status":"closed","ping_status":"closed","sticky":false,"template":"","format":"standard","meta":{"fifu_image_url":"","fifu_image_alt":"","footnotes":""},"categories":[78,55],"tags":[],"class_list":["post-44995","post","type-post","status-publish","format-standard","hentry","category-economie","category-tunisie"],"_links":{"self":[{"href":"https:\/\/linitiative.ca\/International\/wp-json\/wp\/v2\/posts\/44995","targetHints":{"allow":["GET"]}}],"collection":[{"href":"https:\/\/linitiative.ca\/International\/wp-json\/wp\/v2\/posts"}],"about":[{"href":"https:\/\/linitiative.ca\/International\/wp-json\/wp\/v2\/types\/post"}],"author":[{"embeddable":true,"href":"https:\/\/linitiative.ca\/International\/wp-json\/wp\/v2\/users\/1775"}],"replies":[{"embeddable":true,"href":"https:\/\/linitiative.ca\/International\/wp-json\/wp\/v2\/comments?post=44995"}],"version-history":[{"count":0,"href":"https:\/\/linitiative.ca\/International\/wp-json\/wp\/v2\/posts\/44995\/revisions"}],"wp:attachment":[{"href":"https:\/\/linitiative.ca\/International\/wp-json\/wp\/v2\/media?parent=44995"}],"wp:term":[{"taxonomy":"category","embeddable":true,"href":"https:\/\/linitiative.ca\/International\/wp-json\/wp\/v2\/categories?post=44995"},{"taxonomy":"post_tag","embeddable":true,"href":"https:\/\/linitiative.ca\/International\/wp-json\/wp\/v2\/tags?post=44995"}],"curies":[{"name":"wp","href":"https:\/\/api.w.org\/{rel}","templated":true}]}}