{"id":44997,"date":"2019-07-08T05:43:54","date_gmt":"2019-07-08T09:43:54","guid":{"rendered":"https:\/\/linitiative.ca\/International\/12eme-sommet-extraordinaire-de-lua-a-niamey-lancement-%e2%80%8ede-la-zone-de-libre-echange-africaine-%e2%80%8e\/"},"modified":"2019-07-08T05:43:54","modified_gmt":"2019-07-08T09:43:54","slug":"12eme-sommet-extraordinaire-de-lua-a-niamey-lancement-%e2%80%8ede-la-zone-de-libre-echange-africaine-%e2%80%8e","status":"publish","type":"post","link":"https:\/\/linitiative.ca\/International\/12eme-sommet-extraordinaire-de-lua-a-niamey-lancement-%e2%80%8ede-la-zone-de-libre-echange-africaine-%e2%80%8e\/","title":{"rendered":"12\u00e8me sommet extraordinaire de l\u2019UA \u00e0 Niamey : Lancement \u200ede la zone de libre-\u00e9change africaine \u200e"},"content":{"rendered":"<p>Le ministre des Affaires \u00e9trang\u00e8res Kh\u00e9maies Jhinaoui a \u200equalifi\u00e9 d\u2019 \u00bbhistorique \u00bb le lancement, dimanche, \u00e0 \u200eNiamey, de la zone de libre-\u00e9change africaine (Zlec) qui doit \u200econstituer \u00bb un pas important sur le chemin de l\u2019int\u00e9gration \u00e9conomique du continent \u00ab .<\/p>\n<p>Kh\u00e9maies Jhinaoui a \u00e9t\u00e9 charg\u00e9 par le chef de l\u2019Etat, B\u00e9ji Ca\u00efd Essebsi, de conduire, dimanche, \u00e0 Niamey, capitale du Niger, la d\u00e9l\u00e9gation tunisienne aux travaux du 12\u00e8me Sommet extraordinaire de l\u2019Union Africaine (UA).<\/p>\n<p>\u00bb C\u2019est un pas vers la paix et la prosp\u00e9rit\u00e9 en Afrique \u00bb, a lanc\u00e9 le ministre, soulignant la d\u00e9termination de la Tunisie \u00e0 soutenir l\u2019effort continental pour la mise en \u0153uvre de cette zone qui, a-t-il dit, doit favoriser le commerce au sein du continent et attirer des investisseurs.<\/p>\n<p>D\u2019apr\u00e8s le ministre, l\u2019Institut africain des statistiques qui est bas\u00e9 \u00e0 Tunis aura sans doute un r\u00f4le central dans le d\u00e9veloppement de la zone de libre-\u00e9change africaine, lit-on dans un communiqu\u00e9 des Affaires \u00e9trang\u00e8res.<\/p>\n<p>Par ailleurs, Jhinaoui a eu une s\u00e9rie d\u2019entretiens avec des chefs de d\u00e9l\u00e9gation de pays fr\u00e8res participants, ainsi qu\u2019avec des hauts responsables de l\u2019Union africaine (UA).<\/p>\n<p>La Tunisie qui a sign\u00e9, en mars 2018, \u00e0 Kigali (capitale du Rwanda), l\u2019accord sur la zone de libre-\u00e9change continentale africaine, a entam\u00e9 les proc\u00e9dures de sa ratification.<\/p>\n<p>L\u2019entr\u00e9e en vigueur dudit accord et l\u2019adh\u00e9sion de la Tunisie \u00e0 la ZLEC et au March\u00e9 commun de l\u2019Afrique orientale et australe (COMESA), ainsi que son obtention de statut de membre observateur au sein de la Communaut\u00e9 \u00e9conomique des Etats de l\u2019Afrique de l\u2019Ouest (CEDEAO), permettront de renforcer le cadre juridique des relations de la Tunisie avec les pays du continent africain.<\/p>\n<p>La zone de libre-\u00e9change africaine devrait r\u00e9unir 1,2 milliard de personnes. Elle devrait \u00eatre active \u00e0 partir de 2020.<\/p>\n<p class=\"dpsp-share-text\">Partager c&rsquo;est aimer!<\/p>\n<div class=\"wp-post-author-wrap wp-post-author-shortcode left\">\n<h3 class=\"awpa-title\"\/>\n<div class=\"wp-post-author\">\n<div class=\"awpa-img awpa-author-block square\"><a href=\"http:\/\/lexpertjournal.net\/fr\/author\/expert\/\"><img loading=\"lazy\" decoding=\"async\" alt=\"\" src=\"http:\/\/2.gravatar.com\/avatar\/56d99be2a6f97af88ccb49fada637fcd?s=150&#038;d=mm&#038;r=g\" srcset=\"http:\/\/2.gravatar.com\/avatar\/56d99be2a6f97af88ccb49fada637fcd?s=300&#038;d=mm&#038;r=g 2x\" class=\"avatar avatar-150 photo\" height=\"150\" width=\"150\"\/><\/a><\/div>\n<\/div>\n<\/div>\n<p>Auteur: L&rsquo;expert<br \/>\n<a href=\"http:\/\/lexpertjournal.net\/fr\/2019\/07\/08\/12eme-sommet-extraordinaire-de-lua-a-niamey-lancement-%E2%80%8Ede-la-zone-de-libre-echange-africaine-%E2%80%8E\/\">Cliquez ici pour lire l&rsquo;article depuis sa source.<\/a><\/p>\n","protected":false},"excerpt":{"rendered":"<p>Le ministre des Affaires \u00e9trang\u00e8res Kh\u00e9maies Jhinaoui a \u200equalifi\u00e9 d\u2019 \u00bbhistorique \u00bb le lancement, dimanche, \u00e0 \u200eNiamey, de la zone de libre-\u00e9change africaine (Zlec) qui doit \u200econstituer \u00bb un pas important sur le chemin de l\u2019int\u00e9gration \u00e9conomique du continent \u00ab . Kh\u00e9maies Jhinaoui a \u00e9t\u00e9 charg\u00e9 par le chef de l\u2019Etat, B\u00e9ji Ca\u00efd Essebsi, de [&hellip;]<\/p>\n","protected":false},"author":1775,"featured_media":0,"comment_status":"closed","ping_status":"closed","sticky":false,"template":"","format":"standard","meta":{"fifu_image_url":"","fifu_image_alt":"","footnotes":""},"categories":[78,55],"tags":[],"class_list":["post-44997","post","type-post","status-publish","format-standard","hentry","category-economie","category-tunisie"],"_links":{"self":[{"href":"https:\/\/linitiative.ca\/International\/wp-json\/wp\/v2\/posts\/44997","targetHints":{"allow":["GET"]}}],"collection":[{"href":"https:\/\/linitiative.ca\/International\/wp-json\/wp\/v2\/posts"}],"about":[{"href":"https:\/\/linitiative.ca\/International\/wp-json\/wp\/v2\/types\/post"}],"author":[{"embeddable":true,"href":"https:\/\/linitiative.ca\/International\/wp-json\/wp\/v2\/users\/1775"}],"replies":[{"embeddable":true,"href":"https:\/\/linitiative.ca\/International\/wp-json\/wp\/v2\/comments?post=44997"}],"version-history":[{"count":0,"href":"https:\/\/linitiative.ca\/International\/wp-json\/wp\/v2\/posts\/44997\/revisions"}],"wp:attachment":[{"href":"https:\/\/linitiative.ca\/International\/wp-json\/wp\/v2\/media?parent=44997"}],"wp:term":[{"taxonomy":"category","embeddable":true,"href":"https:\/\/linitiative.ca\/International\/wp-json\/wp\/v2\/categories?post=44997"},{"taxonomy":"post_tag","embeddable":true,"href":"https:\/\/linitiative.ca\/International\/wp-json\/wp\/v2\/tags?post=44997"}],"curies":[{"name":"wp","href":"https:\/\/api.w.org\/{rel}","templated":true}]}}