{"id":45011,"date":"2019-07-08T09:20:00","date_gmt":"2019-07-08T13:20:00","guid":{"rendered":"https:\/\/linitiative.ca\/International\/said-barkat-place-sous-mandat-de-depot\/"},"modified":"2019-07-08T09:20:00","modified_gmt":"2019-07-08T13:20:00","slug":"said-barkat-place-sous-mandat-de-depot","status":"publish","type":"post","link":"https:\/\/linitiative.ca\/International\/said-barkat-place-sous-mandat-de-depot\/","title":{"rendered":"Sa\u00efd Barkat plac\u00e9 sous mandat de d\u00e9p\u00f4t"},"content":{"rendered":"<div id=\"originalText\" readability=\"59\">\n<p class=\"c10\">L&rsquo;ex-s\u00e9nateur, Sa\u00efd Barkat, a \u00e9t\u00e9 plac\u00e9, ce lundi, sous mandat de d\u00e9p\u00f4t, \u00e0 la prison d&rsquo;El Harrach, par le juge enqu\u00eateur pr\u00e8s la Cour supr\u00eame, a annonc\u00e9, cet apr\u00e8s-midi, la t\u00e9l\u00e9vision publique.<\/p>\n<p class=\"c10\">Sa\u00efd Barkat est poursuivi pour\u00a0 \u00ab\u00a0dilapidation de deniers publics, conclusion d&rsquo;un march\u00e9 en violation des dispositions l\u00e9gislatives et r\u00e9glementaires en vigueur, abus de fonction et faux en \u00e9critures publiques\u00a0\u00bb, selon la m\u00eame source.<\/p>\n<p class=\"c10\">Deux fois ministre, d\u2019abord de l\u2019agriculture et ensuite de la sant\u00e9, Sa\u00efd Barkat qui occupait le poste de s\u00e9nateur au tiers pr\u00e9sidentiel, avait renonc\u00e9 au courant du mois de juin \u00e0 son immunit\u00e9 parlementaire, ce qui a permis au parquet g\u00e9n\u00e9ral pr\u00e8s la Cour supr\u00eame d\u2019engager des poursuites judiciaires \u00e0 son encontre.<\/p>\n<p class=\"c11\"><strong>Im\u00e8ne AMOKRANE<\/strong><\/p>\n<\/div>\n<div id=\"text_core\" readability=\"59\">\n<p class=\"c10\">L&rsquo;ex-s\u00e9nateur, Sa\u00efd Barkat, a \u00e9t\u00e9 plac\u00e9, ce lundi, sous mandat de d\u00e9p\u00f4t, \u00e0 la prison d&rsquo;El Harrach, par le juge enqu\u00eateur pr\u00e8s la Cour supr\u00eame, a annonc\u00e9, cet apr\u00e8s-midi, la t\u00e9l\u00e9vision publique.<\/p>\n<p class=\"c10\">Sa\u00efd Barkat est poursuivi pour\u00a0 \u00ab\u00a0dilapidation de deniers publics, conclusion d&rsquo;un march\u00e9 en violation des dispositions l\u00e9gislatives et r\u00e9glementaires en vigueur, abus de fonction et faux en \u00e9critures publiques\u00a0\u00bb, selon la m\u00eame source.<\/p>\n<p class=\"c10\">Deux fois ministre, d\u2019abord de l\u2019agriculture et ensuite de la sant\u00e9, Sa\u00efd Barkat qui occupait le poste de s\u00e9nateur au tiers pr\u00e9sidentiel, avait renonc\u00e9 au courant du mois de juin \u00e0 son immunit\u00e9 parlementaire, ce qui a permis au parquet g\u00e9n\u00e9ral pr\u00e8s la Cour supr\u00eame d\u2019engager des poursuites judiciaires \u00e0 son encontre.<\/p>\n<p class=\"c11\"><strong>Im\u00e8ne AMOKRANE<\/strong><\/p>\n<\/div>\n<p>Auteur:<br \/>\n<a href=\"https:\/\/www.liberte-algerie.com\/actualite\/said-barkat-place-sous-mandat-de-depot-319551\">Cliquez ici pour lire l&rsquo;article depuis sa source.<\/a><\/p>\n","protected":false},"excerpt":{"rendered":"<p>L&rsquo;ex-s\u00e9nateur, Sa\u00efd Barkat, a \u00e9t\u00e9 plac\u00e9, ce lundi, sous mandat de d\u00e9p\u00f4t, \u00e0 la prison d&rsquo;El Harrach, par le juge enqu\u00eateur pr\u00e8s la Cour supr\u00eame, a annonc\u00e9, cet apr\u00e8s-midi, la t\u00e9l\u00e9vision publique. Sa\u00efd Barkat est poursuivi pour\u00a0 \u00ab\u00a0dilapidation de deniers publics, conclusion d&rsquo;un march\u00e9 en violation des dispositions l\u00e9gislatives et r\u00e9glementaires en vigueur, abus de [&hellip;]<\/p>\n","protected":false},"author":1742,"featured_media":0,"comment_status":"closed","ping_status":"closed","sticky":false,"template":"","format":"standard","meta":{"fifu_image_url":"","fifu_image_alt":"","footnotes":""},"categories":[73,53],"tags":[],"class_list":["post-45011","post","type-post","status-publish","format-standard","hentry","category-actualite","category-algerie"],"_links":{"self":[{"href":"https:\/\/linitiative.ca\/International\/wp-json\/wp\/v2\/posts\/45011","targetHints":{"allow":["GET"]}}],"collection":[{"href":"https:\/\/linitiative.ca\/International\/wp-json\/wp\/v2\/posts"}],"about":[{"href":"https:\/\/linitiative.ca\/International\/wp-json\/wp\/v2\/types\/post"}],"author":[{"embeddable":true,"href":"https:\/\/linitiative.ca\/International\/wp-json\/wp\/v2\/users\/1742"}],"replies":[{"embeddable":true,"href":"https:\/\/linitiative.ca\/International\/wp-json\/wp\/v2\/comments?post=45011"}],"version-history":[{"count":0,"href":"https:\/\/linitiative.ca\/International\/wp-json\/wp\/v2\/posts\/45011\/revisions"}],"wp:attachment":[{"href":"https:\/\/linitiative.ca\/International\/wp-json\/wp\/v2\/media?parent=45011"}],"wp:term":[{"taxonomy":"category","embeddable":true,"href":"https:\/\/linitiative.ca\/International\/wp-json\/wp\/v2\/categories?post=45011"},{"taxonomy":"post_tag","embeddable":true,"href":"https:\/\/linitiative.ca\/International\/wp-json\/wp\/v2\/tags?post=45011"}],"curies":[{"name":"wp","href":"https:\/\/api.w.org\/{rel}","templated":true}]}}