{"id":45012,"date":"2019-07-08T12:10:41","date_gmt":"2019-07-08T16:10:41","guid":{"rendered":"https:\/\/linitiative.ca\/International\/communication-les-reformes-mises-en-exergue-depuis-1999\/"},"modified":"2019-07-08T12:10:41","modified_gmt":"2019-07-08T16:10:41","slug":"communication-les-reformes-mises-en-exergue-depuis-1999","status":"publish","type":"post","link":"https:\/\/linitiative.ca\/International\/communication-les-reformes-mises-en-exergue-depuis-1999\/","title":{"rendered":"Communication: Les r\u00e9formes mises en exergue depuis 1999"},"content":{"rendered":"<div readability=\"38\">\n<p>Marrakech \u2013 Le ministre de la Culture et de la Communication, Mohamed El Aaraj, a mis en exergue, lundi \u00e0 Marrakech, les r\u00e9formes dans le secteur de la communication depuis l\u2019accession de SM le Roi Mohammed VI au Tr\u00f4ne de Ses Glorieux Anc\u00eatres.<\/p>\n<\/div>\n<div readability=\"121\">\n<p>Intervenant lors d\u2019un colloque organis\u00e9 par la Revue Marocaine d\u2019Administration Locale et de D\u00e9veloppement (REMALD) sous le th\u00e8me \u00ab\u00a01999-2019\u00a0: Vingt ans de r\u00e9formes politiques, juridiques et institutionnelles sous le r\u00e8gne de SM le Roi Mohammed VI\u00a0\u00bb, M. El Aaraj a indiqu\u00e9 que le secteur de la communication a connu sous le r\u00e8gne de SM le Roi une multitude de r\u00e9formes juridiques et institutionnelles visant \u00e0 mettre \u00e0 niveau et \u00e0 promouvoir ce secteur.<\/p>\n<p>Dans le domaine audiovisuel, le ministre a soulign\u00e9 que la cr\u00e9ation de la Haute Autorit\u00e9 de la Communication Audiovisuelle (HACA) repr\u00e9sentait un \u00e9v\u00e9nement phare dans le processus de lib\u00e9ralisation du secteur, relevant que la Constitution de 2011 a hiss\u00e9 cette Autorit\u00e9 en une institution constitutionnelle figurant parmi les instances de bonne gouvernance et de r\u00e9gulation.<\/p>\n<p>La loi 77-03 relative \u00e0 la communication audio-visuelle a permis la r\u00e9forme du champ audiovisuel et sa lib\u00e9ralisation et la mise en place des bases susceptibles de le d\u00e9velopper, a-t-il ajout\u00e9, notant que cette loi a connu plusieurs amendements avec l\u2019objectif de s\u2019adapter aux nouveaut\u00e9s constitutionnelles et de promouvoir la culture de l\u2019\u00e9galit\u00e9, la lutte contre la discrimination et l\u2019accompagnement de la transition du Maroc vers la t\u00e9l\u00e9vision num\u00e9rique terrestre.<\/p>\n<p>S\u2019agissant de la presse et de l\u2019\u00e9dition, le ministre a indiqu\u00e9 qu\u2019un Prix national de la presse a \u00e9t\u00e9 cr\u00e9\u00e9 avec pour objectifs d\u2019encourager la cr\u00e9ativit\u00e9 dans la presse et de r\u00e9compenser les journalistes en reconnaissance de leurs efforts individuels et collectifs dans le d\u00e9veloppement de la presse nationale.<\/p>\n<p>Un Code national de la presse et de l\u2019\u00e9dition a \u00e9t\u00e9 \u00e9galement promulgu\u00e9 afin de r\u00e9former la l\u00e9gislation de la presse et de l\u2019\u00e9dition selon une approche participative visant \u00e0 accompagner les mutations profondes qu\u2019a connues le Maroc dans le domaine des libert\u00e9s et mettre en oeuvre les engagements du Royaume relatifs \u00e0 la ratification des conventions internationales des droits de l\u2019Homme et de la libert\u00e9 de pens\u00e9e et d\u2019expression entre autres, a-t-il insist\u00e9.<\/p>\n<p>Dans le m\u00eame contexte, M. El Aaraj a rappel\u00e9 la cr\u00e9ation du Conseil national de la presse dans le but d\u2019organiser la profession \u00e0 travers l\u2019\u00e9lection de repr\u00e9sentants des journalistes et des \u00e9diteurs de journaux.<\/p>\n<p>Ce conseil a pour mission principale la promotion de la gouvernance du secteur de fa\u00e7on ind\u00e9pendante et sur des bases d\u00e9mocratiques, a-t-il poursuivi.<\/p>\n<p>Dans le domaine du journalisme de l\u2019agence, le ministre a indiqu\u00e9 qu\u2019une loi relative \u00e0 la r\u00e9organisation de l\u2019Agence marocaine de presse (MAP) a \u00e9t\u00e9 promulgu\u00e9e en tant que m\u00e9canisme important pour b\u00e2tir une agence de presse forte et s\u2019acquittant d\u2019un r\u00f4le pr\u00e9pond\u00e9rant dans le champ m\u00e9diatique national, sachant que la MAP a \u00e9t\u00e9 class\u00e9e parmi les institutions nationales strat\u00e9giques.<\/p>\n<p>Cette loi vise notamment \u00e0 enrichir le domaine d\u2019action de l\u2019agence, et \u00e0 adapter ses services et ses offres aux exigences du march\u00e9, dans la perspective de renforcer sa comp\u00e9titivit\u00e9 aux niveaux r\u00e9gional et international, a-t-il dit.<\/p>\n<p>Dans le domaine des droits d\u2019auteur, M. El Aaraj a rappel\u00e9 la promulgation d\u2019une loi relative aux droits d\u2019auteur et droits voisins pour la protection des droits d\u2019auteur et l\u2019augmentation des droits des ayants droit.<\/p>\n<p>Concernant le secteur cin\u00e9matographique, le ministre a indiqu\u00e9 que son d\u00e9partement a instaur\u00e9 en 2012 un nouveau syst\u00e8me de soutien des productions et festivals cin\u00e9matographiques, outre la cr\u00e9ation d\u2019un Institut sup\u00e9rieur des m\u00e9tiers de l\u2019audiovisuel et du cin\u00e9ma (ISMAC) en 2012.<\/p>\n<p>\u00ab\u00a0Le chantier des r\u00e9formes se poursuit dans notre pays, et \u00e0 chaque \u00e9tape des r\u00e9formes sp\u00e9cifiques adapt\u00e9es aux d\u00e9fis\u00a0\u00bb, a-t-il conclu.<\/p>\n<p>Organis\u00e9e avec le concours de la Fondation Hanns Seidel, cette rencontre de deux jours s\u2019inscrit dans le cadre de la comm\u00e9moration du 20\u00e8me anniversaire de l\u2019intronisation de SM le Roi Mohammed VI.<\/p>\n<p>Prennent part \u00e0 ce colloque, des membres du gouvernement, des pr\u00e9sidents d\u2019instances constitutionnelles et des enseignants-chercheurs nationaux et \u00e9trangers, qui vont\u00a0proc\u00e9der \u00e0 l\u2019analyse et \u00e0 l\u2019\u00e9valuation objective des principales r\u00e9formes entreprises par le Royaume durant les deux derni\u00e8res d\u00e9cennies dans les diff\u00e9rents domaines, notamment juridique, politique et institutionnel, sous la conduite \u00e9clair\u00e9e de SM le Roi Mohammed VI.<\/p>\n<p>Les travaux du colloque feront l\u2019objet d\u2019une publication sp\u00e9ciale par la REMALD.<\/p>\n<\/div>\n<p>Auteur: Meriem IGASS<br \/>\n<a href=\"http:\/\/www.mapmarrakech.ma\/fr\/m-el-aaraj-met-en-exergue-les-reformes-dans-le-secteur-de-la-communication\/\">Cliquez ici pour lire l&rsquo;article depuis sa source.<\/a><\/p>\n","protected":false},"excerpt":{"rendered":"<p>Marrakech \u2013 Le ministre de la Culture et de la Communication, Mohamed El Aaraj, a mis en exergue, lundi \u00e0 Marrakech, les r\u00e9formes dans le secteur de la communication depuis l\u2019accession de SM le Roi Mohammed VI au Tr\u00f4ne de Ses Glorieux Anc\u00eatres. Intervenant lors d\u2019un colloque organis\u00e9 par la Revue Marocaine d\u2019Administration Locale et [&hellip;]<\/p>\n","protected":false},"author":1788,"featured_media":0,"comment_status":"closed","ping_status":"closed","sticky":false,"template":"","format":"standard","meta":{"fifu_image_url":"","fifu_image_alt":"","footnotes":""},"categories":[54,76],"tags":[],"class_list":["post-45012","post","type-post","status-publish","format-standard","hentry","category-maroc","category-regions"],"_links":{"self":[{"href":"https:\/\/linitiative.ca\/International\/wp-json\/wp\/v2\/posts\/45012","targetHints":{"allow":["GET"]}}],"collection":[{"href":"https:\/\/linitiative.ca\/International\/wp-json\/wp\/v2\/posts"}],"about":[{"href":"https:\/\/linitiative.ca\/International\/wp-json\/wp\/v2\/types\/post"}],"author":[{"embeddable":true,"href":"https:\/\/linitiative.ca\/International\/wp-json\/wp\/v2\/users\/1788"}],"replies":[{"embeddable":true,"href":"https:\/\/linitiative.ca\/International\/wp-json\/wp\/v2\/comments?post=45012"}],"version-history":[{"count":0,"href":"https:\/\/linitiative.ca\/International\/wp-json\/wp\/v2\/posts\/45012\/revisions"}],"wp:attachment":[{"href":"https:\/\/linitiative.ca\/International\/wp-json\/wp\/v2\/media?parent=45012"}],"wp:term":[{"taxonomy":"category","embeddable":true,"href":"https:\/\/linitiative.ca\/International\/wp-json\/wp\/v2\/categories?post=45012"},{"taxonomy":"post_tag","embeddable":true,"href":"https:\/\/linitiative.ca\/International\/wp-json\/wp\/v2\/tags?post=45012"}],"curies":[{"name":"wp","href":"https:\/\/api.w.org\/{rel}","templated":true}]}}