{"id":45020,"date":"2019-07-08T05:00:00","date_gmt":"2019-07-08T09:00:00","guid":{"rendered":"https:\/\/linitiative.ca\/International\/loncf-baisse-ses-prix-pour-les-retraites-de-larmee\/"},"modified":"2019-07-08T05:00:00","modified_gmt":"2019-07-08T09:00:00","slug":"loncf-baisse-ses-prix-pour-les-retraites-de-larmee","status":"publish","type":"post","link":"https:\/\/linitiative.ca\/International\/loncf-baisse-ses-prix-pour-les-retraites-de-larmee\/","title":{"rendered":"L\u2019ONCF baisse ses prix pour  les retrait\u00e9s de l\u2019arm\u00e9e"},"content":{"rendered":"<div class=\"dnd-atom-wrapper type-image context-sdl_editor_representation\" contenteditable=\"false\">\n<div class=\"dnd-drop-wrapper image\"><img loading=\"lazy\" decoding=\"async\" typeof=\"foaf:Image\" class=\"img-responsive\" src=\"https:\/\/www.leconomiste.com\/sites\/default\/files\/eco7\/public\/thumbnails\/image\/oncf.jpg\" width=\"660\" height=\"468\" alt=\"oncf.jpg\" title=\"oncf.jpg\"\/><\/div>\n<\/div>\n<p class=\"rtejustify\">L\u2019ONCF offre une fleur aux anciens combattants de l\u2019arm\u00e9e ainsi qu\u2019\u00e0 leur famille. En effet, la soci\u00e9t\u00e9 de transport nationale vient de signer un partenariat avec la Fondation Hassan II pour les \u0153uvres sociales des anciens militaires et anciens combattants (Osamac) offrant des r\u00e9ductions de pas moins de 75% aux veuves de ces martyrs ainsi qu\u2019aux orphelins \u00e2g\u00e9s de moins de 21 ans. A cette population b\u00e9n\u00e9ficiaire, il faudra aussi rajouter les bless\u00e9s de guerre et les rapatri\u00e9s. Quant aux anciens militaires et leurs familles respectives, ces derniers paieront la moiti\u00e9 du prix de leur ticket.\u00a0<br \/>Une offre \u00e9galement valable sur les trains \u00e0 grande vitesse Al Boraq, \u00e0 condition d\u2019avoir r\u00e9serv\u00e9 sa place au pr\u00e9alable. Un accord sign\u00e9 par le DG de l\u2019ONCF Mohammed Rabie Khlie et par le directeur de la fondation Hassan II pour les Osamac et colonel-major Mohammad Ghanem.<\/p>\n<p>Auteur: leco_web_admin<br \/>\n<a href=\"https:\/\/www.leconomiste.com\/article\/1047410-l-oncf-baisse-ses-prix-pour-les-retraites-de-l-armee\">Cliquez ici pour lire l&rsquo;article depuis sa source.<\/a><\/p>\n","protected":false},"excerpt":{"rendered":"<p>L\u2019ONCF offre une fleur aux anciens combattants de l\u2019arm\u00e9e ainsi qu\u2019\u00e0 leur famille. En effet, la soci\u00e9t\u00e9 de transport nationale vient de signer un partenariat avec la Fondation Hassan II pour les \u0153uvres sociales des anciens militaires et anciens combattants (Osamac) offrant des r\u00e9ductions de pas moins de 75% aux veuves de ces martyrs ainsi [&hellip;]<\/p>\n","protected":false},"author":1763,"featured_media":45021,"comment_status":"closed","ping_status":"closed","sticky":false,"template":"","format":"standard","meta":{"fifu_image_url":"","fifu_image_alt":"","footnotes":""},"categories":[78,54],"tags":[],"class_list":["post-45020","post","type-post","status-publish","format-standard","has-post-thumbnail","hentry","category-economie","category-maroc"],"_links":{"self":[{"href":"https:\/\/linitiative.ca\/International\/wp-json\/wp\/v2\/posts\/45020","targetHints":{"allow":["GET"]}}],"collection":[{"href":"https:\/\/linitiative.ca\/International\/wp-json\/wp\/v2\/posts"}],"about":[{"href":"https:\/\/linitiative.ca\/International\/wp-json\/wp\/v2\/types\/post"}],"author":[{"embeddable":true,"href":"https:\/\/linitiative.ca\/International\/wp-json\/wp\/v2\/users\/1763"}],"replies":[{"embeddable":true,"href":"https:\/\/linitiative.ca\/International\/wp-json\/wp\/v2\/comments?post=45020"}],"version-history":[{"count":0,"href":"https:\/\/linitiative.ca\/International\/wp-json\/wp\/v2\/posts\/45020\/revisions"}],"wp:featuredmedia":[{"embeddable":true,"href":"https:\/\/linitiative.ca\/International\/wp-json\/"}],"wp:attachment":[{"href":"https:\/\/linitiative.ca\/International\/wp-json\/wp\/v2\/media?parent=45020"}],"wp:term":[{"taxonomy":"category","embeddable":true,"href":"https:\/\/linitiative.ca\/International\/wp-json\/wp\/v2\/categories?post=45020"},{"taxonomy":"post_tag","embeddable":true,"href":"https:\/\/linitiative.ca\/International\/wp-json\/wp\/v2\/tags?post=45020"}],"curies":[{"name":"wp","href":"https:\/\/api.w.org\/{rel}","templated":true}]}}