{"id":45030,"date":"2019-07-08T09:30:00","date_gmt":"2019-07-08T13:30:00","guid":{"rendered":"https:\/\/linitiative.ca\/International\/france-taxation-des-gafa-feu-vert-a-lassemblee\/"},"modified":"2019-07-08T09:30:00","modified_gmt":"2019-07-08T13:30:00","slug":"france-taxation-des-gafa-feu-vert-a-lassemblee","status":"publish","type":"post","link":"https:\/\/linitiative.ca\/International\/france-taxation-des-gafa-feu-vert-a-lassemblee\/","title":{"rendered":"France\/Taxation des Gafa: Feu vert \u00e0 l&rsquo;Assembl\u00e9e"},"content":{"rendered":"<div class=\"dnd-atom-wrapper type-image context-sdl_editor_representation\" contenteditable=\"false\">\n<div class=\"dnd-drop-wrapper image\"><img loading=\"lazy\" decoding=\"async\" typeof=\"foaf:Image\" class=\"img-responsive\" src=\"https:\/\/leconomiste.com\/sites\/default\/files\/eco7\/public\/thumbnails\/image\/social_media.jpg\" width=\"660\" height=\"330\" alt=\"social_media.jpg\" title=\"social_media.jpg\"\/><\/div>\n<\/div>\n<p class=\"rtejustify\">L&rsquo;assembl\u00e9e nationale a donn\u00e9, jeudi 4 juillet, son feu vert au projet de loi visant \u00e0 instaurer une taxe sur les g\u00e9ants du num\u00e9rique, qui doit faire de la France un des pays pionniers en la mati\u00e8re. Le texte, adopt\u00e9 par 34 voix pour et 13 abstentions, sans aucun vote contre, devra encore \u00eatre soumis au S\u00e9nat le 11 juillet pour \u00eatre adopt\u00e9 d\u00e9finitivement par le Parlement.<br \/>En d\u00e9pit de l&rsquo;opposition des Etats-Unis, il vise \u00e0 mettre en place une taxe Gafa (acronyme pour Google, Amazon, Facebook et Apple) \u00e0 la fran\u00e7aise pour taxer les activit\u00e9s num\u00e9riques qui \u00abcr\u00e9ent de la valeur gr\u00e2ce aux internautes fran\u00e7ais\u00bb. Pour le ministre de l&rsquo;Economie, Bruno Le Maire, il s&rsquo;agit de \u00abr\u00e9tablir la justice fiscale face aux g\u00e9ants du num\u00e9rique\u00bb. Et cette solution unilat\u00e9rale doit servir de levier dans les n\u00e9gociations internationales, dans l&rsquo;attente d&rsquo;un aboutissement des travaux de l\u2019OCDE. Le ministre a souhait\u00e9 une validation du projet de loi par le Conseil constitutionnel. Et ce, afin de renforcer la position politique de la France dans les instances du G7, du G20 et de l&rsquo;OCDE pour mener ce combat sur la taxation du num\u00e9rique.\u00a0<br \/>Concr\u00e8tement, la taxe vise les entreprises qui r\u00e9alisent un chiffre d&rsquo;affaires sur leurs activit\u00e9s num\u00e9riques de plus de 750 millions d&rsquo;euros dans le monde, dont 25 millions d&rsquo;euros pouvant \u00eatre rattach\u00e9s \u00e0 des utilisateurs localis\u00e9s en France. L&rsquo;id\u00e9e est de les imposer \u00e0 hauteur de 3% du chiffre d&rsquo;affaires r\u00e9alis\u00e9 en France, notamment sur la publicit\u00e9 cibl\u00e9e en ligne, la vente de donn\u00e9es \u00e0 des fins publicitaires et la mise en relation des internautes par les plateformes. Elle devrait s&rsquo;appliquer \u00e0 une trentaine de groupes comme Meetic, Amazon, Airbnb, Instagram ou encore le fran\u00e7ais Criteo, et rapporter 400 millions d&rsquo;euros en 2019, puis 650 millions en 2020.\u00a0<\/p>\n<p>Auteur: leco_web_admin<br \/>\n<a href=\"https:\/\/www.leconomiste.com\/article\/1047413-france-taxation-des-gafa-feu-vert-l-assemblee\">Cliquez ici pour lire l&rsquo;article depuis sa source.<\/a><\/p>\n","protected":false},"excerpt":{"rendered":"<p>L&rsquo;assembl\u00e9e nationale a donn\u00e9, jeudi 4 juillet, son feu vert au projet de loi visant \u00e0 instaurer une taxe sur les g\u00e9ants du num\u00e9rique, qui doit faire de la France un des pays pionniers en la mati\u00e8re. Le texte, adopt\u00e9 par 34 voix pour et 13 abstentions, sans aucun vote contre, devra encore \u00eatre soumis [&hellip;]<\/p>\n","protected":false},"author":1763,"featured_media":45031,"comment_status":"closed","ping_status":"closed","sticky":false,"template":"","format":"standard","meta":{"fifu_image_url":"","fifu_image_alt":"","footnotes":""},"categories":[78,54],"tags":[],"class_list":["post-45030","post","type-post","status-publish","format-standard","has-post-thumbnail","hentry","category-economie","category-maroc"],"_links":{"self":[{"href":"https:\/\/linitiative.ca\/International\/wp-json\/wp\/v2\/posts\/45030","targetHints":{"allow":["GET"]}}],"collection":[{"href":"https:\/\/linitiative.ca\/International\/wp-json\/wp\/v2\/posts"}],"about":[{"href":"https:\/\/linitiative.ca\/International\/wp-json\/wp\/v2\/types\/post"}],"author":[{"embeddable":true,"href":"https:\/\/linitiative.ca\/International\/wp-json\/wp\/v2\/users\/1763"}],"replies":[{"embeddable":true,"href":"https:\/\/linitiative.ca\/International\/wp-json\/wp\/v2\/comments?post=45030"}],"version-history":[{"count":0,"href":"https:\/\/linitiative.ca\/International\/wp-json\/wp\/v2\/posts\/45030\/revisions"}],"wp:featuredmedia":[{"embeddable":true,"href":"https:\/\/linitiative.ca\/International\/wp-json\/"}],"wp:attachment":[{"href":"https:\/\/linitiative.ca\/International\/wp-json\/wp\/v2\/media?parent=45030"}],"wp:term":[{"taxonomy":"category","embeddable":true,"href":"https:\/\/linitiative.ca\/International\/wp-json\/wp\/v2\/categories?post=45030"},{"taxonomy":"post_tag","embeddable":true,"href":"https:\/\/linitiative.ca\/International\/wp-json\/wp\/v2\/tags?post=45030"}],"curies":[{"name":"wp","href":"https:\/\/api.w.org\/{rel}","templated":true}]}}