{"id":45036,"date":"2019-07-08T11:00:00","date_gmt":"2019-07-08T15:00:00","guid":{"rendered":"https:\/\/linitiative.ca\/International\/les-grecs-aux-urnes\/"},"modified":"2019-07-08T11:00:00","modified_gmt":"2019-07-08T15:00:00","slug":"les-grecs-aux-urnes","status":"publish","type":"post","link":"https:\/\/linitiative.ca\/International\/les-grecs-aux-urnes\/","title":{"rendered":"Les Grecs aux urnes"},"content":{"rendered":"<div readability=\"34\">\n<p>Des \u00e9lections g\u00e9n\u00e9rales anticip\u00e9es pr\u00e9vues pour le 7 juillet<\/p>\n<p>La question de la crise \u00e9conomique \u00e0 l\u2019ordre du jour<\/p>\n<\/div>\n<div readability=\"59\">\n<div class=\"dnd-atom-wrapper type-image context-sdl_editor_representation\" contenteditable=\"false\">\n<div class=\"dnd-drop-wrapper image\"><img loading=\"lazy\" decoding=\"async\" typeof=\"foaf:Image\" class=\"img-responsive\" src=\"https:\/\/www.leconomiste.com\/sites\/default\/files\/eco7\/public\/thumbnails\/image\/grecs.jpg\" width=\"563\" height=\"426\" alt=\"grecs.jpg\" title=\"grecs.jpg\"\/><\/div>\n<\/div>\n<p class=\"rtejustify\">Elections europ\u00e9ennes, municipales et r\u00e9gionales, l\u2019\u00e9chec de l\u2019actuel Premier ministre Alexis Tsipras l\u2019a oblig\u00e9 \u00e0 d\u00e9clencher des \u00e9lections l\u00e9gislatives anticip\u00e9es pour le 7 juillet.\u00a0 La population grecque pourra choisir son prochain chef de gouvernement pour un mandat de 4 ans et ses 300 d\u00e9put\u00e9s qui formeront le Parlement monocam\u00e9ral.\u00a0<br \/>Deux principaux candidats s\u2019affronteront lors des \u00e9lections. Il s\u2019agit de Tsipras et de son principal opposant Kyriakos Mitsotaki. Ce dernier s\u2019est impos\u00e9 lors des \u00e9lections locales en Gr\u00e8ce et a remport\u00e9 les europ\u00e9ennes. Ce qui lui conf\u00e8re le statut de favori et les sondages effectu\u00e9s par l\u2019institut Merton Analysis\u00a0 le placent en t\u00eate avec un pourcentage de 38,6%. Lors d\u2019une visite \u00e0 Almyros (petit village de Gr\u00e8ce rurale o\u00f9 il a fait son service militaire), le chef de Nouvelle D\u00e9mocratie a affirm\u00e9 dans un entretien \u00e0 l\u2019AFP que \u00abla priorit\u00e9 est de relancer l\u2019\u00e9conomie\u00bb. Selon\u00a0 lui, la Gr\u00e8ce doit retrouver une croissance gr\u00e2ce aux investissements priv\u00e9s, aux exportations et \u00e0 l\u2019innovation.\u00a0<br \/>Apr\u00e8s quatre ann\u00e9es de gouvernance du parti de gauche Syriza, la population reproche \u00e0 Alexis Tsipras de ne pas avoir respect\u00e9 sa promesse de campagne: \u00abCelle de faire sortir le pays de l\u2019aust\u00e9rit\u00e9\u00bb. En effet, apr\u00e8s son \u00e9lection, il a sign\u00e9 un autre programme d\u2019aide internationale et a par la m\u00eame occasion accept\u00e9 de nouvelles mesures d\u2019aust\u00e9rit\u00e9 qui ont \u00e9puis\u00e9 les Grecs. Tsipras a essay\u00e9 de les all\u00e9ger\u00a0 en accordant aux d\u00e9munis un acc\u00e8s gratuit\u00a0 \u00e0 la sant\u00e9 et des aides pour payer leurs loyers et leurs factures d\u2019\u00e9lectricit\u00e9. Mais pour financer ces mesures, son gouvernement a d\u00fb en imposer davantage \u00e0 la classe moyenne.\u00a0<\/p>\n<p class=\"rtejustify\">Terrass\u00e9 par une crise depuis 2009 li\u00e9e \u00e0 sa dette publique, le pays a \u00e9t\u00e9 touch\u00e9 par une r\u00e9cession \u00e9conomique profonde.\u00a0 Il va amorcer une croissance significative en 2017 qui va lui permettre de sortir des trois programmes d\u2019aide du FMI et de la Commission europ\u00e9enne. N\u00e9anmoins,\u00a0 la dette publique est rest\u00e9e sup\u00e9rieure \u00e0 180% du PIB en 2018, contraignant les cr\u00e9anciers\u00a0 \u00e0 maintenir le pays sous surveillance.<br \/>La Gr\u00e8ce a un taux fiscal tr\u00e8s \u00e9lev\u00e9 et fait partie des pays les plus tax\u00e9s de l\u2019Europe.\u00a0<br \/>Avec un ch\u00f4mage estim\u00e9 \u00e0 18%, elle\u00a0 se classe en t\u00eate des pays de l\u2019Union europ\u00e9enne ayant le taux le plus \u00e9lev\u00e9. Ce sont les jeunes qui sont les plus touch\u00e9s (40%)<br \/>Lors des campagnes \u00e9lectorales, les deux principaux opposants ont d\u00e9clin\u00e9 des solutions pour la question migratoire. D\u2019une part, la Nouvelle D\u00e9mocratie veut renforcer les fronti\u00e8res et proc\u00e9der au renvoi des migrants en Turquie. D\u2019autre part, Syriza entend promouvoir un programme d\u2019int\u00e9gration pour les demandeurs d\u2019asile se trouvant sur le territoire grec.<\/p>\n<p class=\"rtejustify\">Seynabou Diouf &#038; F. Z. T.<\/p>\n<\/div>\n<p>Auteur: leco_web_admin<br \/>\n<a href=\"https:\/\/www.leconomiste.com\/article\/1047424-les-grecs-aux-urnes\">Cliquez ici pour lire l&rsquo;article depuis sa source.<\/a><\/p>\n","protected":false},"excerpt":{"rendered":"<p>Des \u00e9lections g\u00e9n\u00e9rales anticip\u00e9es pr\u00e9vues pour le 7 juillet La question de la crise \u00e9conomique \u00e0 l\u2019ordre du jour Elections europ\u00e9ennes, municipales et r\u00e9gionales, l\u2019\u00e9chec de l\u2019actuel Premier ministre Alexis Tsipras l\u2019a oblig\u00e9 \u00e0 d\u00e9clencher des \u00e9lections l\u00e9gislatives anticip\u00e9es pour le 7 juillet.\u00a0 La population grecque pourra choisir son prochain chef de gouvernement pour un [&hellip;]<\/p>\n","protected":false},"author":1763,"featured_media":45037,"comment_status":"closed","ping_status":"closed","sticky":false,"template":"","format":"standard","meta":{"fifu_image_url":"","fifu_image_alt":"","footnotes":""},"categories":[78,54],"tags":[],"class_list":["post-45036","post","type-post","status-publish","format-standard","has-post-thumbnail","hentry","category-economie","category-maroc"],"_links":{"self":[{"href":"https:\/\/linitiative.ca\/International\/wp-json\/wp\/v2\/posts\/45036","targetHints":{"allow":["GET"]}}],"collection":[{"href":"https:\/\/linitiative.ca\/International\/wp-json\/wp\/v2\/posts"}],"about":[{"href":"https:\/\/linitiative.ca\/International\/wp-json\/wp\/v2\/types\/post"}],"author":[{"embeddable":true,"href":"https:\/\/linitiative.ca\/International\/wp-json\/wp\/v2\/users\/1763"}],"replies":[{"embeddable":true,"href":"https:\/\/linitiative.ca\/International\/wp-json\/wp\/v2\/comments?post=45036"}],"version-history":[{"count":0,"href":"https:\/\/linitiative.ca\/International\/wp-json\/wp\/v2\/posts\/45036\/revisions"}],"wp:featuredmedia":[{"embeddable":true,"href":"https:\/\/linitiative.ca\/International\/wp-json\/"}],"wp:attachment":[{"href":"https:\/\/linitiative.ca\/International\/wp-json\/wp\/v2\/media?parent=45036"}],"wp:term":[{"taxonomy":"category","embeddable":true,"href":"https:\/\/linitiative.ca\/International\/wp-json\/wp\/v2\/categories?post=45036"},{"taxonomy":"post_tag","embeddable":true,"href":"https:\/\/linitiative.ca\/International\/wp-json\/wp\/v2\/tags?post=45036"}],"curies":[{"name":"wp","href":"https:\/\/api.w.org\/{rel}","templated":true}]}}