{"id":45038,"date":"2019-07-08T15:14:04","date_gmt":"2019-07-08T19:14:04","guid":{"rendered":"https:\/\/linitiative.ca\/International\/ligue-1-2-jsk-mellal-a-reuni-ses-hommes-et-exige-de-passer-le-turbo-a-evian\/"},"modified":"2019-07-08T15:14:04","modified_gmt":"2019-07-08T19:14:04","slug":"ligue-1-2-jsk-mellal-a-reuni-ses-hommes-et-exige-de-passer-le-turbo-a-evian","status":"publish","type":"post","link":"https:\/\/linitiative.ca\/International\/ligue-1-2-jsk-mellal-a-reuni-ses-hommes-et-exige-de-passer-le-turbo-a-evian\/","title":{"rendered":"Ligue 1 &amp; 2 : JSK: Mellal a r\u00e9uni ses hommes et exige de passer le turbo \u00e0 Evian"},"content":{"rendered":"<div readability=\"32\">\n<p>Auteur : <span class=\"time\">lundi 08 juillet 2019 11:43<\/span><\/p>\n<\/div>\n<div id=\"post_core\" readability=\"83\">\n<p>Les Canaris ont cl\u00f4tur\u00e9, hier matin, leur premier stage estival \u00e0 Zekri. Durant toute une semaine, les hommes de Hubert Velud se sont r\u00e9fugi\u00e9s sur les monts de Tamgout surplombant la for\u00eat de Yakouren o\u00f9 ils ont travaill\u00e9 dur. A l\u2019issue de la premi\u00e8re partie de la pr\u00e9paration, le coach s\u2019est dit satisfait des r\u00e9sultats et demeure optimistes pour la suite du boulot. Le pr\u00e9sident Cherif Mellal manifeste \u00e9galement sa satisfaction du travail accompli par ses joueurs, dans la mesure o\u00f9 ils n\u2019ont pas rechign\u00e9 sur les efforts depuis l\u2019entame du programme. Dans la matin\u00e9e d\u2019hier, le pr\u00e9sident kabyle a r\u00e9uni ses poulains \u00e0 l\u2019h\u00f4tel Talvent pour les f\u00e9liciter sur le travail colossal effectu\u00e9 mais surtout pour la r\u00e9ussite du premier regroupement. Le stage s\u2019est d\u00e9roul\u00e9 dans d\u2019excellentes conditions et la discipline a \u00e9t\u00e9 de rigueur. Par ailleurs, et pour ce qui est du volet financier, le boss en a profit\u00e9 pour les rassurer. Il leur a promis qu\u2019ils auront tous leur d\u00fb, notamment les anciens joueurs, dans les plus brefs d\u00e9lais. Il a soulign\u00e9 que la direction a toujours honor\u00e9 ses engagements.<\/p>\n<p><strong>Le premier bilan est positif, selon le pr\u00e9sident<\/strong><br \/>Durant cette premi\u00e8re partie du regroupement \u00e0 Zekri, le groupe d\u2019Hubert Velud a effectu\u00e9 un travail de haute intensit\u00e9. Les Canaris ont \u00e9t\u00e9 soumis \u00e0 raison de deux s\u00e9ances par jour, et la part du lion du programme a \u00e9t\u00e9 consacr\u00e9e au volet physique. Selon le pr\u00e9sident, le bilan provisoire qu\u2019a communiqu\u00e9 le staff technique est positif et demeure optimiste pour la l\u2019entame de la comp\u00e9tition africaine. A souligner que le staff technique n\u2019a pas d\u00e9plor\u00e9 des blessures durant la semaine pass\u00e9e sur les monts du Djurdjura et les quelques petits bobos signal\u00e9s seront pris en charge rapidement.<\/p>\n<p><strong>Mellal appelle \u00e0 redoubler d\u2019efforts \u00e0 Evian<\/strong><br \/>\u00abA Evian, nous allons encore travailler tr\u00e8s dur. La cadence sera augment\u00e9e et \u00e7a sera la phase cl\u00e9 pour l\u2019entame de la comp\u00e9tition africaine\u2026\u00bb C\u2019est ce qu\u2019a d\u00e9clar\u00e9 le coach Velud qui compte \u00e9norm\u00e9ment sur la mobilisation de ses troupes. Lors de la r\u00e9union d\u2019hier avec les camarades du nouveau capitaine Bencherifa, Mellal a abord\u00e9 le deuxi\u00e8me stage en informant les joueurs que la direction a pris toutes les dispositions en mettant les moyens n\u00e9cessaires pour sa r\u00e9ussite, comme il a \u00e9galement exig\u00e9 de redoubler les efforts afin d\u2019\u00eatre pr\u00eats pour le premier match de la LDC.<\/p>\n<p><strong>Mellal \u00abLa pr\u00e9paration \u00e0 Evian sera encore plus dure\u00bb<\/strong><\/p>\n<p>Le pr\u00e9sident des Jaune et Vert est globalement satisfait des signes affich\u00e9s par les joueurs apr\u00e8s une bonne semaine de travail \u00e0 Zekri. Il est heureux de voir les nouvelles recrues s\u2019adapter rapidement au nouvel environnement et optimiste sur le prochain regroupement \u00e0 Evian, l\u2019objectif dit-il c\u2019est d\u2019\u00eatre pr\u00eats pour la premi\u00e8re semaine du mois d\u2019ao\u00fbt prochain, \u00e0 l\u2019occasion de l\u2019entame de la comp\u00e9tition africaine : \u00ab Je suis content du stage de Zekri. Le rapport du staff technique me laisse optimiste pour la suite du programme. Il y a eu un grand travail qui a \u00e9t\u00e9 effectu\u00e9 et la r\u00e9action des joueurs est satisfaisante. Nous ne sommes qu\u2019au d\u00e9but de la pr\u00e9paration d\u2019intersaison, on a encore du travail \u00e0 faire. A Evian, les choses vont \u00eatre encore plus dures et tout \u00e7a pour \u00eatre pr\u00eats pour la comp\u00e9tition africaine.\u00bb<\/p>\n<p><strong>\u00abVous aurez votre d\u00fb jusqu\u2019au dernier centime\u00bb<\/strong><br \/>En guise de motivation et d\u2019assurance, le pr\u00e9sident a annonc\u00e9 \u00e0 ses troupes une bonne nouvelle. En effet, il a assur\u00e9 qu\u2019ils vont empocher leur argent dans les prochains jours, ce qui a \u00e9norm\u00e9ment r\u00e9joui les Canaris, notamment les anciens qui attendent cette nouvelle depuis longtemps : \u00abNe vous inqui\u00e9tez pas sur votre argent, vous serez pay\u00e9s au dernier centime. La direction n\u2019a jamais failli \u00e0 ses missions. Il reste \u00e0 vous de se donner \u00e0 fond pour r\u00e9ussir notre entame de la comp\u00e9tition africaine.\u00bb<br \/>\u00a0<\/p>\n<\/div>\n<p>Auteur:<br \/>\n<a href=\"http:\/\/www.lebuteur.com\/article\/detail?titre=jsk-mellal-a-reuni-ses-hommes-et-exige-de-passer-le-turbo-a-evian&#038;id=90170&#038;utm_source=feedburner&#038;utm_medium=feed&#038;utm_campaign=Feed%3A+GalerieFArtciles+%28Les+derniers+articles++-+lebuteur.com%29\">Cliquez ici pour lire l&rsquo;article depuis sa source.<\/a><\/p>\n","protected":false},"excerpt":{"rendered":"<p>Auteur : lundi 08 juillet 2019 11:43 Les Canaris ont cl\u00f4tur\u00e9, hier matin, leur premier stage estival \u00e0 Zekri. Durant toute une semaine, les hommes de Hubert Velud se sont r\u00e9fugi\u00e9s sur les monts de Tamgout surplombant la for\u00eat de Yakouren o\u00f9 ils ont travaill\u00e9 dur. A l\u2019issue de la premi\u00e8re partie de la pr\u00e9paration, [&hellip;]<\/p>\n","protected":false},"author":1738,"featured_media":45039,"comment_status":"closed","ping_status":"closed","sticky":false,"template":"","format":"standard","meta":{"fifu_image_url":"","fifu_image_alt":"","footnotes":""},"categories":[53,75],"tags":[],"class_list":["post-45038","post","type-post","status-publish","format-standard","has-post-thumbnail","hentry","category-algerie","category-sport"],"_links":{"self":[{"href":"https:\/\/linitiative.ca\/International\/wp-json\/wp\/v2\/posts\/45038","targetHints":{"allow":["GET"]}}],"collection":[{"href":"https:\/\/linitiative.ca\/International\/wp-json\/wp\/v2\/posts"}],"about":[{"href":"https:\/\/linitiative.ca\/International\/wp-json\/wp\/v2\/types\/post"}],"author":[{"embeddable":true,"href":"https:\/\/linitiative.ca\/International\/wp-json\/wp\/v2\/users\/1738"}],"replies":[{"embeddable":true,"href":"https:\/\/linitiative.ca\/International\/wp-json\/wp\/v2\/comments?post=45038"}],"version-history":[{"count":0,"href":"https:\/\/linitiative.ca\/International\/wp-json\/wp\/v2\/posts\/45038\/revisions"}],"wp:featuredmedia":[{"embeddable":true,"href":"https:\/\/linitiative.ca\/International\/wp-json\/"}],"wp:attachment":[{"href":"https:\/\/linitiative.ca\/International\/wp-json\/wp\/v2\/media?parent=45038"}],"wp:term":[{"taxonomy":"category","embeddable":true,"href":"https:\/\/linitiative.ca\/International\/wp-json\/wp\/v2\/categories?post=45038"},{"taxonomy":"post_tag","embeddable":true,"href":"https:\/\/linitiative.ca\/International\/wp-json\/wp\/v2\/tags?post=45038"}],"curies":[{"name":"wp","href":"https:\/\/api.w.org\/{rel}","templated":true}]}}