{"id":45040,"date":"2019-07-08T15:14:05","date_gmt":"2019-07-08T19:14:05","guid":{"rendered":"https:\/\/linitiative.ca\/International\/ligue-1-2-mco-les-hamraoua-des-aujourdhui-a-bouakeul\/"},"modified":"2019-07-08T15:14:05","modified_gmt":"2019-07-08T19:14:05","slug":"ligue-1-2-mco-les-hamraoua-des-aujourdhui-a-bouakeul","status":"publish","type":"post","link":"https:\/\/linitiative.ca\/International\/ligue-1-2-mco-les-hamraoua-des-aujourdhui-a-bouakeul\/","title":{"rendered":"Ligue 1 &amp; 2 : MCO: Les Hamraoua d\u00e8s aujourd\u2019hui \u00e0 Bouakeul"},"content":{"rendered":"<div readability=\"32\">\n<p>Auteur : <span>A. L.<\/span> <span class=\"time\">lundi 08 juillet 2019 11:43<\/span><\/p>\n<\/div>\n<div id=\"post_core\" readability=\"64\">\n<p>Les Rouge et Blanc du Mouloudia d\u2019Oran, qui ont repris avant-hier le chemin des entra\u00eenements \u00e0 la for\u00eat de Canastel, taperont dans le ballon cet apr\u00e8s-midi du c\u00f4t\u00e9 du stade Habib-Bouakeul qui leur sera disponible durant toute la semaine. Les \u00e9quipiers de Nadji Rachid effectueront leur premi\u00e8re s\u00e9ance cet apr\u00e8s-midi sur un terrain de foot pour pr\u00e9parer la reprise du championnat pr\u00e9vue dans 34 jours, c&rsquo;est-\u00e0-dire le 15 ao\u00fbt prochain.<\/p>\n<p><strong>Les supporters d\u00e9couvriront l\u2019\u00e9quipe<\/strong><br \/>Apr\u00e8s une absence qui a dur\u00e9 plusieurs saisons suite au huis clos d\u00e9cid\u00e9 par l\u2019ancienne direction, les fans du MCO vont devoir assister \u00e0 cette reprise des entra\u00eenements \u00e0 partir des trav\u00e9es du stade Habib-Bouakeul puisqu\u2019aucune d\u00e9cision n\u2019a \u00e9t\u00e9 prise par la direction du stade. Ils seront certainement nombreux \u00e0 vouloir marquer leur pr\u00e9sence au cours de cette s\u00e9ance. \u00a0<\/p>\n<p><strong>Litim reprendra aujourd\u2019hui<\/strong><br \/>Le gardien de but Oussama Litim est pressenti pour reprendre l\u2019entra\u00eenement cet apr\u00e8s-midi avec le groupe. Le portier titulaire des Hamraoua a d\u00fb prolonger son s\u00e9jour chez lui pour rester au chevet de sa femme malade apr\u00e8s l\u2019accouchement. Il veut en effet \u00eatre accompagn\u00e9 par sa petite famille de Khenchela jusqu\u2019\u00e0 Oran.<br \/>\u00a0<\/p>\n<p><strong>Heriat : \u00abJ\u2019ai d\u2019excellents rapports avec Cherif El Ouazzani\u00bb<\/strong><br \/>Le milieu de terrain des Hamraoua, Hamza Heriat, a \u00e9t\u00e9 parmi les joueurs qui ont repris le plus normalement du monde le chemin des entra\u00eenements. Une pr\u00e9sence qui a eu pour effet de rassurer les supporters des Rouge et Blanc.<br \/>Comment s\u2019est d\u00e9roul\u00e9e la reprise des entra\u00eenements samedi pass\u00e9 ?<br \/>La reprise s\u2019est d\u00e9roul\u00e9e le plus normalement du monde car pratiquement c\u2019est le m\u00eame groupe de la saison pass\u00e9e. L\u2019effectif n\u2019est pas encore au complet. Les choses s\u00e9rieuses vont commencer dans quelques jours pour l\u2019\u00e9quipe.<br \/><strong>On suppose que vous avez trouv\u00e9 un terrain d\u2019entente avec Cherif El Ouazzani, non ?<\/strong><br \/>Les n\u00e9gociations avec Cherif El Ouazzani ne posent pas de probl\u00e8mes ni pour moi ni pour lui. On se conna\u00eet depuis cinq ans d\u00e9j\u00e0. Je me suis entra\u00een\u00e9 sous sa coupe \u00e0 plusieurs reprises. Les contacts ne se sont jamais rompus avec lui. Donc, sur ce plan l\u00e0, je n\u2019ai pas de soucis \u00e0 me faire.<br \/><strong>Comment trouvez-vous le nouvel effectif du Mouloudia ?<\/strong><br \/>Il est encore t\u00f4t d\u2019en parler car comme je l\u2019ai d\u00e9j\u00e0 dit, l\u2019effectif du MCO n\u2019est pas encore arr\u00eat\u00e9 \u00e0 100%. Il nous manque encore quelques joueurs que ce soit des anciens cadres de l\u2019\u00e9quipe ou des nouvelles recrues. On parlera de la qualit\u00e9 de l\u2019effectif du Mouloudia d\u00e8s qu\u2019il sera compl\u00e9t\u00e9.<br \/><strong>Comment s\u2019annonce la nouvelle saison pour l\u2019\u00e9quipe ?<\/strong><br \/>\u00c9coutez, notre premier souci est d\u2019\u00e9viter de vivre le m\u00eame sc\u00e9nario de la saison pass\u00e9e. On est pratiquement condamn\u00e9s \u00e0 jouer au moins le premier tableau. On a pass\u00e9 une saison difficile sur le plan mental, on ne veut plus revenir jouer le maintien. Je pense que le MCO aura inch\u2019Allah les moyens de faire une saison honorable.<br \/>\u00a0<\/p>\n<p><strong>Publi\u00e9 dans :<\/strong> <span>mco<\/span> <span>Cherif El Ouazzani<\/span> <span>heriat<\/span> <span>Litim<\/span><\/p>\n<\/div>\n<p>Auteur:<br \/>\n<a href=\"http:\/\/www.lebuteur.com\/article\/detail?titre=mco-les-hamraoua-des-aujourdhui-a-bouakeul&#038;id=90167&#038;utm_source=feedburner&#038;utm_medium=feed&#038;utm_campaign=Feed%3A+GalerieFArtciles+%28Les+derniers+articles++-+lebuteur.com%29\">Cliquez ici pour lire l&rsquo;article depuis sa source.<\/a><\/p>\n","protected":false},"excerpt":{"rendered":"<p>Auteur : A. L. lundi 08 juillet 2019 11:43 Les Rouge et Blanc du Mouloudia d\u2019Oran, qui ont repris avant-hier le chemin des entra\u00eenements \u00e0 la for\u00eat de Canastel, taperont dans le ballon cet apr\u00e8s-midi du c\u00f4t\u00e9 du stade Habib-Bouakeul qui leur sera disponible durant toute la semaine. Les \u00e9quipiers de Nadji Rachid effectueront leur [&hellip;]<\/p>\n","protected":false},"author":1738,"featured_media":45041,"comment_status":"closed","ping_status":"closed","sticky":false,"template":"","format":"standard","meta":{"fifu_image_url":"","fifu_image_alt":"","footnotes":""},"categories":[53,75],"tags":[],"class_list":["post-45040","post","type-post","status-publish","format-standard","has-post-thumbnail","hentry","category-algerie","category-sport"],"_links":{"self":[{"href":"https:\/\/linitiative.ca\/International\/wp-json\/wp\/v2\/posts\/45040","targetHints":{"allow":["GET"]}}],"collection":[{"href":"https:\/\/linitiative.ca\/International\/wp-json\/wp\/v2\/posts"}],"about":[{"href":"https:\/\/linitiative.ca\/International\/wp-json\/wp\/v2\/types\/post"}],"author":[{"embeddable":true,"href":"https:\/\/linitiative.ca\/International\/wp-json\/wp\/v2\/users\/1738"}],"replies":[{"embeddable":true,"href":"https:\/\/linitiative.ca\/International\/wp-json\/wp\/v2\/comments?post=45040"}],"version-history":[{"count":0,"href":"https:\/\/linitiative.ca\/International\/wp-json\/wp\/v2\/posts\/45040\/revisions"}],"wp:featuredmedia":[{"embeddable":true,"href":"https:\/\/linitiative.ca\/International\/wp-json\/"}],"wp:attachment":[{"href":"https:\/\/linitiative.ca\/International\/wp-json\/wp\/v2\/media?parent=45040"}],"wp:term":[{"taxonomy":"category","embeddable":true,"href":"https:\/\/linitiative.ca\/International\/wp-json\/wp\/v2\/categories?post=45040"},{"taxonomy":"post_tag","embeddable":true,"href":"https:\/\/linitiative.ca\/International\/wp-json\/wp\/v2\/tags?post=45040"}],"curies":[{"name":"wp","href":"https:\/\/api.w.org\/{rel}","templated":true}]}}