{"id":45044,"date":"2019-07-08T15:14:08","date_gmt":"2019-07-08T19:14:08","guid":{"rendered":"https:\/\/linitiative.ca\/International\/ligue-1-2-usma-les-rouge-et-noir-blindent-louanchi\/"},"modified":"2019-07-08T15:14:08","modified_gmt":"2019-07-08T19:14:08","slug":"ligue-1-2-usma-les-rouge-et-noir-blindent-louanchi","status":"publish","type":"post","link":"https:\/\/linitiative.ca\/International\/ligue-1-2-usma-les-rouge-et-noir-blindent-louanchi\/","title":{"rendered":"Ligue 1 &amp; 2 : USMA: Les Rouge et Noir blindent Louanchi"},"content":{"rendered":"<div readability=\"32\">\n<p>Auteur : <span>Adel Cheraki<\/span> <span class=\"time\">lundi 08 juillet 2019 11:43<\/span><\/p>\n<\/div>\n<div id=\"post_core\" readability=\"94\">\n<p>Plusieurs jeunes ont d\u00e9cid\u00e9 de quitter le club cet \u00e9t\u00e9 et suivre Mohamed Mekhazni au MCA, mais les Rouge et Noir ont su r\u00e9pliquer de la meilleure des mani\u00e8res en r\u00e9ussissant \u00e0 blinder leur meilleure p\u00e9pite. Longtemps annonc\u00e9 sur le d\u00e9part, Karim Louanchi est revenu sur sa d\u00e9cision apr\u00e8s qu\u2019il a \u00e9t\u00e9 re\u00e7u \u00e0 Bologhine et a m\u00eame sign\u00e9 un contrat d\u2019une dur\u00e9e de trois ans dans la foul\u00e9e. Un gros coup r\u00e9ussi par le trio Mahieddine Meftah, Aksouh et A\u00eft Mohamed vu les qualit\u00e9s techniques et physiques de cet international \u00e2g\u00e9 seulement de 19 ans. Consid\u00e9r\u00e9 comme l\u2019un des attaquants les plus prometteurs de sa g\u00e9n\u00e9ration, ce pur produit de l\u2019USMA dont il est aussi un fervent supporter depuis son plus jeune \u00e2ge sera l\u2019un des piliers de l\u2019\u00e9quipe r\u00e9serve et pourrait m\u00eame \u00eatre promu en \u00e9quipe premi\u00e8re dans le cas o\u00f9 il se montrerait aussi performant comme il l\u2019a \u00e9t\u00e9 lors des pr\u00e9c\u00e9dentes saisons. La balle \u00e9tant dans son camp, ce sera \u00e0 lui de se montrer \u00e0 la hauteur pour poursuivre son ascension et viser ainsi une place chez les A.<br \/><strong>Charef voulait l\u2019avoir au CRB<\/strong><br \/>Karim Louanchi a failli lever le camp cet \u00e9t\u00e9. Ayant eu vent de son d\u00e9sir de changer d\u2019air, Boualem Charef, actuellement au CRB, a pris attache avec le joueur et son entourage afin de les convaincre de le rejoindre. Au d\u00e9part, le jeune avant-centre \u00e9tait int\u00e9ress\u00e9 par l\u2019id\u00e9e d\u2019opter pour ce club mais apr\u00e8s m\u00fbre r\u00e9flexion, il a \u00e9mis le v\u0153u de poursuivre sa formation chez les Rouge et Noir, son \u00e9quipe de toujours, surtout que son r\u00eave est d\u2019\u00e9voluer en \u00e9quipe fanion. M\u00eame le MCA le voulait et l\u2019avait dans le viseur mais c\u2019est \u00e0 l\u2019USMA que Louanchi jouera, au moins lors des trois prochaines ann\u00e9es.<br \/><strong>\u00abJe ne pouvais pas tourner le dos \u00e0 mon \u00e9quipe de c\u0153ur\u00bb<\/strong><br \/>Contact\u00e9 au bout du fil, le jeune attaquant nous a paru heureux et nous a dit \u00e0 ce sujet : \u00abJe suis content et honor\u00e9 de poursuivre mon aventure \u00e0 l\u2019USMA. C\u2019est un club cher \u00e0 mes yeux et je ne pouvais pas lui tourner le dos. Maintenant que j\u2019ai sign\u00e9 mon contrat, je ferai de mon mieux pour r\u00e9pondre pr\u00e9sent et \u00eatre \u00e0 la hauteur de la confiance plac\u00e9e en moi.\u00bb<br \/>\u00a0<\/p>\n<p><strong>\u00c7a bloque toujours pour Arroussi<\/strong><\/p>\n<p>On l\u2019a annonc\u00e9 \u00e0 maintes reprises comme \u00e9tant quasiment acquis mais jusqu\u2019au moment o\u00f9 nous mettons sous presse, Kheireddine Arroussi n\u2019a toujours pas sign\u00e9 son contrat et du coup son recrutement n\u2019a pas \u00e9t\u00e9 officialis\u00e9. Attendu hier pour finaliser, le d\u00e9fenseur central \u00e9tait \u00e0 Alger mais ne s\u2019est pas pr\u00e9sent\u00e9 comme pr\u00e9vu \u00e0 Bologhine. Seul son manager a fait un saut au stade Omar-Hamadi o\u00f9 il a eu une nouvelle discussion avec les dirigeants mais les deux parties n\u2019ont toujours pas trouv\u00e9 un accord d\u00e9finitif pour que l\u2019engagement soit sign\u00e9. \u00a0<br \/><strong>Le CABBA et l\u2019ESS reviennent \u00e0 la charge<\/strong><br \/>Voyant que son arriv\u00e9e chez les Rouge et Noir tarde \u00e0 se concr\u00e9tiser, les dirigeants du CABBA et ceux de l\u2019ESS sont revenus \u00e0 la charge et ont fait de nouvelles propositions au joueur. Des offres qui risquent bien de changer la donne au moment ou les Usmistes doivent \u00e0 tout prix mettre le paquet pour renforcer leur charni\u00e8re centrale en pr\u00e9vision du prochain exercice. Un compartiment qui a \u00e9t\u00e9 affaibli par le d\u00e9part d\u2019Ayoub Abdellaoui l\u2019\u00e9t\u00e9 pass\u00e9 et celui de Farouk Chafa\u00ef ces derniers mois.<br \/><strong>\u00abJe ne ferme pas la porte \u00e0 l\u2019USMA\u00bb<\/strong><br \/>Joint par t\u00e9l\u00e9phone, Kheireddine Arroussi nous a confirm\u00e9 cette information. \u00abC\u2019est vrai que j\u2019ai \u00e9t\u00e9 pr\u00e9sent \u00e0 Alger mais je n\u2019ai rien sign\u00e9. Les n\u00e9gociations avec l\u2019USMA avancent bien mais jusqu\u2019au moment o\u00f9 je vous parle, rien n\u2019a \u00e9t\u00e9 fait. Je ne suis pas press\u00e9, je laisse donc le destin faire les choses. J\u2019ai d\u2019autres propositions mais ce n\u2019est que d\u2019ici la fin de la semaine que je ferai mon choix.\u00bb En attendant, le suspense demeure entier et ce n\u2019est que lors des prochaines heures qu\u2019on saura o\u00f9 \u00e9voluera la saison prochaine celui qui a d\u00e9fendu ces deux derni\u00e8res saisons les couleurs du CSC.<br \/><strong>Tous les espoirs reposent sur Belkaroui<\/strong><br \/>Maintenant que le transfert de Kheireddine Arroussi tarde \u00e0 s\u2019officialiser, les dirigeants de l\u2019USMA comptent faire les efforts n\u00e9cessaires afin de finaliser avec Hichem Belkaroui. L\u2019ex-international qui a donn\u00e9 son accord pour rejoindre le club champion d\u2019Alg\u00e9rie de la saison 2018-2019 est attendu au cours de cette semaine pour signer son contrat. L\u2019autre piste pour renforcer la d\u00e9fense centrale de leur \u00e9quipe n\u2019est autre que celle qui m\u00e8ne \u00e0 Khiraoui, le joueur de l\u2019A Boussa\u00e2da.<br \/>\u00a0<\/p>\n<p><strong>Deux membres du staff m\u00e9dical ont quitt\u00e9 le club<\/strong><br \/>Cet \u00e9t\u00e9, deux membres du staff m\u00e9dical ont quitt\u00e9 le club. Il s\u2019agit des masseurs Cherif Balaz et Badis Guettache. Connus pour \u00eatre les meilleurs, ils ont rejoint respectivement le MCA et le PAC. Leur d\u00e9part est incontestablement un gros coup dur vu tout ce qu\u2019ils faisaient et la mani\u00e8re avec laquelle ils accomplissaient leur r\u00f4le.<\/p>\n<p><strong>Pes\u00e9e et prise de sang au menu<\/strong><br \/>Avant l\u2019entame de la s\u00e9ance d\u2019entra\u00eenement d\u2019hier matin, les joueurs de l\u2019USMA sont pass\u00e9s sur la balance avant une prise de sang. Les membres des staffs technique et m\u00e9dical sauront ainsi qui doit travailler plus pour perdre du poids tandis que le pr\u00e9l\u00e8vement sanguin se fait chaque \u00e9t\u00e9 afin d\u2019\u00eatre certain que ceux qui auront la t\u00e2che de d\u00e9fendre le maillot rouge et noir ne souffrent d\u2019aucune maladie et qu\u2019ils ne risquent pas de p\u00e9naliser le club.<\/p>\n<p><strong>Le SC Sfaxien veut Ardji<\/strong><br \/>\u00c0 croire une source g\u00e9n\u00e9ralement bien inform\u00e9e, Oualid Ardji serait pist\u00e9 par un club tunisien et c\u2019est du SC Sfaxien qu\u2019il s\u2019agit. M\u00eame s\u2019il est sous contrat, le joueur form\u00e9 en tant qu\u2019ailier et reconverti en arri\u00e8re lat\u00e9ral droit par Thierry Froger esp\u00e8re obtenir un bon de sortie afin de tenter cette premi\u00e8re exp\u00e9rience \u00e0 l\u2019\u00e9tranger. Pour rappel, quatre \u00e9l\u00e9ments ont d\u00e9j\u00e0 quitt\u00e9 le club jusque-l\u00e0. Apr\u00e8s Chafa\u00ef, Benguit, Bouderbal et Meziane, Ardji et Benyahia pourront, eux aussi, leur embo\u00eeter le pas.<\/p>\n<p><strong>Publi\u00e9 dans :<\/strong> <span>USMA<\/span> <span>Charef<\/span> <span>Belkaroui<\/span> <span>Arroussi<\/span><\/p>\n<\/div>\n<p>Auteur:<br \/>\n<a href=\"http:\/\/www.lebuteur.com\/article\/detail?titre=usma-les-rouge-et-noir-blindent-louanchi&#038;id=90165&#038;utm_source=feedburner&#038;utm_medium=feed&#038;utm_campaign=Feed%3A+GalerieFArtciles+%28Les+derniers+articles++-+lebuteur.com%29\">Cliquez ici pour lire l&rsquo;article depuis sa source.<\/a><\/p>\n","protected":false},"excerpt":{"rendered":"<p>Auteur : Adel Cheraki lundi 08 juillet 2019 11:43 Plusieurs jeunes ont d\u00e9cid\u00e9 de quitter le club cet \u00e9t\u00e9 et suivre Mohamed Mekhazni au MCA, mais les Rouge et Noir ont su r\u00e9pliquer de la meilleure des mani\u00e8res en r\u00e9ussissant \u00e0 blinder leur meilleure p\u00e9pite. Longtemps annonc\u00e9 sur le d\u00e9part, Karim Louanchi est revenu sur [&hellip;]<\/p>\n","protected":false},"author":1738,"featured_media":45045,"comment_status":"closed","ping_status":"closed","sticky":false,"template":"","format":"standard","meta":{"fifu_image_url":"","fifu_image_alt":"","footnotes":""},"categories":[53,75],"tags":[],"class_list":["post-45044","post","type-post","status-publish","format-standard","has-post-thumbnail","hentry","category-algerie","category-sport"],"_links":{"self":[{"href":"https:\/\/linitiative.ca\/International\/wp-json\/wp\/v2\/posts\/45044","targetHints":{"allow":["GET"]}}],"collection":[{"href":"https:\/\/linitiative.ca\/International\/wp-json\/wp\/v2\/posts"}],"about":[{"href":"https:\/\/linitiative.ca\/International\/wp-json\/wp\/v2\/types\/post"}],"author":[{"embeddable":true,"href":"https:\/\/linitiative.ca\/International\/wp-json\/wp\/v2\/users\/1738"}],"replies":[{"embeddable":true,"href":"https:\/\/linitiative.ca\/International\/wp-json\/wp\/v2\/comments?post=45044"}],"version-history":[{"count":0,"href":"https:\/\/linitiative.ca\/International\/wp-json\/wp\/v2\/posts\/45044\/revisions"}],"wp:featuredmedia":[{"embeddable":true,"href":"https:\/\/linitiative.ca\/International\/wp-json\/"}],"wp:attachment":[{"href":"https:\/\/linitiative.ca\/International\/wp-json\/wp\/v2\/media?parent=45044"}],"wp:term":[{"taxonomy":"category","embeddable":true,"href":"https:\/\/linitiative.ca\/International\/wp-json\/wp\/v2\/categories?post=45044"},{"taxonomy":"post_tag","embeddable":true,"href":"https:\/\/linitiative.ca\/International\/wp-json\/wp\/v2\/tags?post=45044"}],"curies":[{"name":"wp","href":"https:\/\/api.w.org\/{rel}","templated":true}]}}