{"id":45046,"date":"2019-07-08T15:14:09","date_gmt":"2019-07-08T19:14:09","guid":{"rendered":"https:\/\/linitiative.ca\/International\/ligue-1-2-mca-un-grand-travail-attend-thomas-gornouec\/"},"modified":"2019-07-08T15:14:09","modified_gmt":"2019-07-08T19:14:09","slug":"ligue-1-2-mca-un-grand-travail-attend-thomas-gornouec","status":"publish","type":"post","link":"https:\/\/linitiative.ca\/International\/ligue-1-2-mca-un-grand-travail-attend-thomas-gornouec\/","title":{"rendered":"Ligue 1 &amp; 2 : MCA : Un grand travail attend Thomas Gornouec"},"content":{"rendered":"<div readability=\"33\">\n<p>Auteur : <span>K.M. , T.Che<\/span> <span class=\"time\">lundi 08 juillet 2019 11:43<\/span><\/p>\n<\/div>\n<div id=\"post_core\" readability=\"69\">\n<p>Sachant que ce premier stage\u00a0\u00a0 sera consacr\u00e9 dans sa grande majorit\u00e9 \u00e0\u00a0\u00a0 la pr\u00e9paration, on pourra dire qu\u2019un grand travail attend le pr\u00e9parateur physique de l\u2019\u00e9quipe Thomas Gornouec. En effet ce dernier aura la t\u00e2che de r\u00e9aliser son programme en l\u2019espace d\u2019une semaine en travaillant en biquotidien, tout en \u00e9tant appel\u00e9\u00a0 \u00e0 tracer un programme sp\u00e9cifique aux joueurs qui vont arriver en retard pour ce stage afin qu\u2019ils puissent \u00eatre au m\u00eame niveau de\u00a0 pr\u00e9paration. Rappelons qu\u2019une bonne pr\u00e9paration physique a fait d\u00e9faut \u00e0 l\u2019\u00e9quipe lors de sa pr\u00e9paration de la saison pass\u00e9e \u00e0 Vichy,\u00a0 ce qui s\u2019est r\u00e9percut\u00e9 n\u00e9gativement sur le rendement du Mouloudia durant la saison, et cela explique aussi les nombreuses blessures\u00a0 musculaires contract\u00e9es par les joueurs. Toutefois et avec la venue de Thomas Gornouec, on se montre optimiste\u00a0 afin que l\u2019\u00e9quipe puisse afficher une bonne forme pour ce nouvel exercice, car le travail physique se poursuivra aussi en Pologne lors du second stage pr\u00e9vu \u00e0 Lubin.<br \/>\u00a0<\/p>\n<p><strong>Belkheir : \u00abJ\u2019ai v\u00e9cu des sensations avec le CSC et je veux en vivre d\u2019autres avec le Mouloudia\u00bb\u00a0 \u00a0<\/strong><\/p>\n<p>La derni\u00e8re trouvaille mouloud\u00e9enne, Abdenour Belkheir, parle de ce stage en Tunisie qui sera d\u00e9cisive. Le joueur r\u00e9fute avoir vers\u00e9 dans la surench\u00e8re avec le CSC qu\u2019il gardera \u00e0 jamais dans son c\u0153ur.<br \/><strong>Vous \u00eates sur le point d\u2019attaquer le premier stage d\u2019\u00e9t\u00e9 \u00e0 Ain Draham. Un mot sur ce regroupement ?<\/strong><br \/>Nous sommes dans une p\u00e9riode faste. C\u2019est maintenant qu\u2019on pr\u00e9pare demain. Nous sommes \u00e0 un moment charni\u00e8re o\u00f9 il faut tout donner afin d\u2019\u00eatre au top au coup d\u2019envoi de la saison. Il faut qu\u2019on soit dans une forme optimale car la saison s\u2019annonce tr\u00e8s difficile. On sait qu\u2019on sera attendus au tournant et qu\u2019on sera l\u2019\u00e9quipe \u00e0 battre par excellence. D\u2019ailleurs, c\u2019est toujours le cas lorsqu\u2019il s\u2019agit d\u2019un club comme le Mouloudia.<br \/><strong>Vous allez retrouver la bourgade d\u2019Ain Draham que vous connaissez parfaitement\u2026<\/strong><br \/>Tous les joueurs connaissent Ain Draham. On va l\u00e0-bas pour travailler tr\u00e8s dur en profitant de l\u2019altitude. A nous de se donner les moyens afin de faire de l\u2019excellent boulot avec le staff technique. \u00a0<br \/><strong>Vous \u00eates de retour au club apr\u00e8s l\u2019avoir quitt\u00e9 en 2010&#8230;<\/strong><br \/>C\u2019est fabuleux de revenir. Je suis chez moi \u00e0 la maison. Je me suis dit qu\u2019un jour je reviendrai au club. Je n\u2019ai pas pu m\u2019imposer car \u00e0 cette \u00e9poque il y avait des joueurs chevronn\u00e9s. J\u2019ai pu rebondir ailleurs et voil\u00e0 que je suis de retour au Mouloudia avec les ambitions plein la t\u00eate. Je ne vous cache pas que cette premi\u00e8re exp\u00e9rience infructueuse au MCA m\u2019ait rest\u00e9 en travers de la gorge. Et voil\u00e0 que j\u2019ai la chance de rectifier le tir.<br \/><strong>Il y a eu cette reprise \u00e0 l\u2019annexe du 5 -Juillet qui \u00e9tait fabuleuse avec la pr\u00e9sence massive des Chnaoua qui mettent une grosse pression sur vous\u2026<\/strong><br \/>On ne voit cela qu\u2019au Mouloudia. Il y avait une ambiance de folie qui traduit la ferveur que transmet un club comme le Mouloudia. Les revendications des supporters sont l\u00e9gitimes car le Mouloudia est un club populaire qui doit \u00eatre toujours en haut de l\u2019affiche. Ce sera \u00e0 nous de faire en sorte de rendre heureux nos supporters.<br \/><strong>Vous avez v\u00e9cu des sensations \u00e9normes avec le CSC. On imagine que vous avez envie de revivre la m\u00eame chose sous le maillot du Mouloudia\u2026<\/strong><br \/>Je ne vous cache pas que les deux derni\u00e8res saisons \u00e9taient fabuleuses. J\u2019ai v\u00e9cu tellement de moments charg\u00e9s en \u00e9motions avec le CSC. J\u2019ai gagn\u00e9 le championnat et j\u2019ai atteint les quarts de finale de la Ligue des Champions. Ce serait fabuleux maintenant de gagner quelque chose avec le Mouloudia. Cela aura un parfum tr\u00e8s particulier.<br \/><strong>On a beaucoup parl\u00e9 de votre transfert au Mouloudia. Mais du c\u00f4t\u00e9 du CSC on vous a accus\u00e9 de verser dans la surench\u00e8re. Qu\u2019avez-vous \u00e0 dire \u00e0 ce sujet ?<\/strong><br \/>Je n\u2019ai jamais vers\u00e9 dans la surench\u00e8re. Vous savez dans le football, c\u2019est une question de destin. On ne peut jurer de rien.<br \/><strong>Justement la direction du CSC par le biais de Boukhedna vous a accus\u00e9 d\u2019avoir chang\u00e9 le club pour 10 millions de centimes\u2026<\/strong><br \/>C\u2019est archi faux. Je n\u2019ai jamais discut\u00e9 avec Boukhedna ou m\u00eame n\u00e9goci\u00e9 avec lui. Ce qui a \u00e9t\u00e9 dit n\u2019est que fabulation. C\u2019est vrai que j\u2019ai parl\u00e9 avec Naouri mais on ne s\u2019\u00e9tait pas entendus sur certains points. Boukhedna ne r\u00e9ussira pas \u00e0 me bousiller les relations avec les Sanafir qui sont toujours excellentes.<br \/><strong>On sait que vous \u00e9tiez \u00e0 deux doigts de rejoindre le MCO surtout que vous avez longuement discut\u00e9 avec Ch\u00e9rif El Ouazzani qui voulait \u00e0 tout prix vous avoir dans son \u00e9quipe\u2026<\/strong><br \/>Effectivement, j\u2019ai discut\u00e9 avec Ch\u00e9rif El Ouazzani qui me voulait. J\u2019\u00e9tais tout proche de signer au profit des Hamraoua. Je le remercie pour l\u2019int\u00e9r\u00eat qu\u2019il m\u2019a port\u00e9. Mais, c\u2019est une question de destin. Omar Ghrib a pris attache avec moi et rapidement on est parvenu \u00e0 un accord. \u00a0<br \/><strong>Qu\u2019avez-vous \u00e0 dire aux Chnaoua qui attendent beaucoup de vous ?<\/strong><br \/>Je dis aux supporters de soutenir leur \u00e9quipe jusqu\u2019au bout et quoi qu\u2019il arrive. Et de notre c\u00f4t\u00e9, on fera le maximum pour rendre heureux nos fans qui m\u00e9ritent toutes les joies du monde.<br \/><strong>On imagine que vous \u00eates excit\u00e9 \u00e0 l\u2019id\u00e9e de travailler sous la coupe de Bernard Casoni\u2026<\/strong><br \/>Mais chaque joueur aimerait travailler sous la coupe d\u2019un entra\u00eeneur comme Casoni qui a un v\u00e9cu comme coach et comme joueur. Je sais qu\u2019avec lui, le Mouloudia produira un beau football. A nous d\u2019appliquer \u00e0 la lettre les consignes du coach durant les deux stages en Tunisie et en Pologne.\u00a0\u00a0\u00a0\u00a0\u00a0\u00a0\u00a0\u00a0\u00a0\u00a0 \u00a0<br \/>\u00a0<\/p>\n<p><strong>Ch\u00e9riet : \u00abTout pour faire progresser Cha\u00e2l et Boutaga qui sont d\u2019excellents gardiens\u00bb \u00a0<\/strong><br \/>Fra\u00eechement d\u00e9sign\u00e9 au poste d\u2019entra\u00eeneur des gardiens de but du club, succ\u00e9dant ainsi \u00e0 Tarek Nouioua, Fouad Ch\u00e9riet a entam\u00e9 rapidement son travail avec les Vert et Rouge. A l\u2019issue de sa premi\u00e8re session, l\u2019ancien technicien du CSC s\u2019est exprim\u00e9 : \u00abJe suis content de rejoindre un grand club comme le Mouloudia. Ce qui compte dans un groupe, c\u2019est le facteur disciplinaire qui doit \u00eatre dominant. Nous avons tous les ingr\u00e9dients pour faire du tr\u00e8s bon boulot. Je vais travailler avec un staff de tr\u00e8s haut niveau. On compte sur le soutien ind\u00e9fectible des supporters pour atteindre nos objectifs. En ce qui me concerne, je ferai tout mon possible en mettant toute mon exp\u00e9rience afin de faire progresser Cha\u00e2l qui est un tr\u00e8s bon gardien de but et Boutaga qui est international olympique. Et cela se r\u00e9percuterait positivement sur l\u2019\u00e9quipe et le club.\u00bb\u00a0 \u00a0<br \/>\u00a0<\/p>\n<p><strong>Publi\u00e9 dans :<\/strong> <span>mca<\/span> <span>Belkheir<\/span> <span>Cheriet<\/span> <span>Boutaga<\/span><\/p>\n<\/div>\n<p>Auteur:<br \/>\n<a href=\"http:\/\/www.lebuteur.com\/article\/detail?titre=mca-un-grand-travail-attend-thomas-gornouec&#038;id=90164&#038;utm_source=feedburner&#038;utm_medium=feed&#038;utm_campaign=Feed%3A+GalerieFArtciles+%28Les+derniers+articles++-+lebuteur.com%29\">Cliquez ici pour lire l&rsquo;article depuis sa source.<\/a><\/p>\n","protected":false},"excerpt":{"rendered":"<p>Auteur : K.M. , T.Che lundi 08 juillet 2019 11:43 Sachant que ce premier stage\u00a0\u00a0 sera consacr\u00e9 dans sa grande majorit\u00e9 \u00e0\u00a0\u00a0 la pr\u00e9paration, on pourra dire qu\u2019un grand travail attend le pr\u00e9parateur physique de l\u2019\u00e9quipe Thomas Gornouec. En effet ce dernier aura la t\u00e2che de r\u00e9aliser son programme en l\u2019espace d\u2019une semaine en travaillant [&hellip;]<\/p>\n","protected":false},"author":1738,"featured_media":45047,"comment_status":"closed","ping_status":"closed","sticky":false,"template":"","format":"standard","meta":{"fifu_image_url":"","fifu_image_alt":"","footnotes":""},"categories":[53,75],"tags":[],"class_list":["post-45046","post","type-post","status-publish","format-standard","has-post-thumbnail","hentry","category-algerie","category-sport"],"_links":{"self":[{"href":"https:\/\/linitiative.ca\/International\/wp-json\/wp\/v2\/posts\/45046","targetHints":{"allow":["GET"]}}],"collection":[{"href":"https:\/\/linitiative.ca\/International\/wp-json\/wp\/v2\/posts"}],"about":[{"href":"https:\/\/linitiative.ca\/International\/wp-json\/wp\/v2\/types\/post"}],"author":[{"embeddable":true,"href":"https:\/\/linitiative.ca\/International\/wp-json\/wp\/v2\/users\/1738"}],"replies":[{"embeddable":true,"href":"https:\/\/linitiative.ca\/International\/wp-json\/wp\/v2\/comments?post=45046"}],"version-history":[{"count":0,"href":"https:\/\/linitiative.ca\/International\/wp-json\/wp\/v2\/posts\/45046\/revisions"}],"wp:featuredmedia":[{"embeddable":true,"href":"https:\/\/linitiative.ca\/International\/wp-json\/"}],"wp:attachment":[{"href":"https:\/\/linitiative.ca\/International\/wp-json\/wp\/v2\/media?parent=45046"}],"wp:term":[{"taxonomy":"category","embeddable":true,"href":"https:\/\/linitiative.ca\/International\/wp-json\/wp\/v2\/categories?post=45046"},{"taxonomy":"post_tag","embeddable":true,"href":"https:\/\/linitiative.ca\/International\/wp-json\/wp\/v2\/tags?post=45046"}],"curies":[{"name":"wp","href":"https:\/\/api.w.org\/{rel}","templated":true}]}}