{"id":45050,"date":"2019-07-08T15:14:11","date_gmt":"2019-07-08T19:14:11","guid":{"rendered":"https:\/\/linitiative.ca\/International\/pros-a-44-ans-nassim-akrour-met-un-terme-a-sa-carriere\/"},"modified":"2019-07-08T15:14:11","modified_gmt":"2019-07-08T19:14:11","slug":"pros-a-44-ans-nassim-akrour-met-un-terme-a-sa-carriere","status":"publish","type":"post","link":"https:\/\/linitiative.ca\/International\/pros-a-44-ans-nassim-akrour-met-un-terme-a-sa-carriere\/","title":{"rendered":"Pros : A 44 ans, Nassim Akrour met un terme \u00e0 sa carri\u00e8re"},"content":{"rendered":"<div readability=\"32\">\n<p>Auteur : <span class=\"time\">lundi 08 juillet 2019 12:31<\/span><\/p>\n<\/div>\n<div id=\"post_core\" readability=\"34\">\n<p>L&rsquo;ancien international alg\u00e9rien aura disput\u00e9 plus de 60 matchs\u00a0 en 3 saisons avec Annecy. Mais il ne quitte pas le club pour autant. Il travaillera \u00e0 la Formation du club et sera \u00e9galement \u00e9ducateur aupr\u00e8s des U16.<\/p>\n<p><strong>Publi\u00e9 dans :<\/strong> <span>Akrour<\/span><\/p>\n<\/div>\n<p>Auteur:<br \/>\n<a href=\"http:\/\/www.lebuteur.com\/article\/detail?titre=a-44-ans-nassim-akrour-met-un-terme-a-sa-carriere&#038;id=90179&#038;utm_source=feedburner&#038;utm_medium=feed&#038;utm_campaign=Feed%3A+GalerieFArtciles+%28Les+derniers+articles++-+lebuteur.com%29\">Cliquez ici pour lire l&rsquo;article depuis sa source.<\/a><\/p>\n","protected":false},"excerpt":{"rendered":"<p>Auteur : lundi 08 juillet 2019 12:31 L&rsquo;ancien international alg\u00e9rien aura disput\u00e9 plus de 60 matchs\u00a0 en 3 saisons avec Annecy. Mais il ne quitte pas le club pour autant. Il travaillera \u00e0 la Formation du club et sera \u00e9galement \u00e9ducateur aupr\u00e8s des U16. Publi\u00e9 dans : Akrour Auteur: Cliquez ici pour lire l&rsquo;article depuis [&hellip;]<\/p>\n","protected":false},"author":1738,"featured_media":45051,"comment_status":"closed","ping_status":"closed","sticky":false,"template":"","format":"standard","meta":{"fifu_image_url":"","fifu_image_alt":"","footnotes":""},"categories":[53,75],"tags":[],"class_list":["post-45050","post","type-post","status-publish","format-standard","has-post-thumbnail","hentry","category-algerie","category-sport"],"_links":{"self":[{"href":"https:\/\/linitiative.ca\/International\/wp-json\/wp\/v2\/posts\/45050","targetHints":{"allow":["GET"]}}],"collection":[{"href":"https:\/\/linitiative.ca\/International\/wp-json\/wp\/v2\/posts"}],"about":[{"href":"https:\/\/linitiative.ca\/International\/wp-json\/wp\/v2\/types\/post"}],"author":[{"embeddable":true,"href":"https:\/\/linitiative.ca\/International\/wp-json\/wp\/v2\/users\/1738"}],"replies":[{"embeddable":true,"href":"https:\/\/linitiative.ca\/International\/wp-json\/wp\/v2\/comments?post=45050"}],"version-history":[{"count":0,"href":"https:\/\/linitiative.ca\/International\/wp-json\/wp\/v2\/posts\/45050\/revisions"}],"wp:featuredmedia":[{"embeddable":true,"href":"https:\/\/linitiative.ca\/International\/wp-json\/"}],"wp:attachment":[{"href":"https:\/\/linitiative.ca\/International\/wp-json\/wp\/v2\/media?parent=45050"}],"wp:term":[{"taxonomy":"category","embeddable":true,"href":"https:\/\/linitiative.ca\/International\/wp-json\/wp\/v2\/categories?post=45050"},{"taxonomy":"post_tag","embeddable":true,"href":"https:\/\/linitiative.ca\/International\/wp-json\/wp\/v2\/tags?post=45050"}],"curies":[{"name":"wp","href":"https:\/\/api.w.org\/{rel}","templated":true}]}}