{"id":45052,"date":"2019-07-08T15:14:12","date_gmt":"2019-07-08T19:14:12","guid":{"rendered":"https:\/\/linitiative.ca\/International\/afrique-can-2019-mali-cote-divoire-les-compos-dequipes\/"},"modified":"2019-07-08T15:14:12","modified_gmt":"2019-07-08T19:14:12","slug":"afrique-can-2019-mali-cote-divoire-les-compos-dequipes","status":"publish","type":"post","link":"https:\/\/linitiative.ca\/International\/afrique-can-2019-mali-cote-divoire-les-compos-dequipes\/","title":{"rendered":"Afrique : CAN 2019 : Mali &#8211; C\u00f4te d&rsquo;Ivoire (Les compos d&rsquo;\u00e9quipes)"},"content":{"rendered":"<div readability=\"32\">\n<p>Auteur : <span class=\"time\">lundi 08 juillet 2019 16:00<\/span><\/p>\n<\/div>\n<div id=\"post_core\" readability=\"58\">\n<p>Mali : Diarra, Kon\u00e9, Traor\u00e9, Wagu\u00e9, Djenepo, Fofana, Haidara, Samassekou, Coulibaly, Abdoulay Diaby, Marega<\/p>\n<p>C\u00f4te d&rsquo;Ivoire : Gbohouo, Bagayoko, Coulibaly, Kanon, Traor\u00e9, Gbamin, Di\u00e9,\u00a0 Kessi\u00e9, Kodjia, P\u00e9p\u00e9, Zaha<\/p>\n<p><strong>Publi\u00e9 dans :<\/strong> <span>CAN 2019<\/span> <span>C\u00f4te d&rsquo;Ivoire<\/span> <span>Mali<\/span><\/p>\n<\/div>\n<p>Auteur:<br \/>\n<a href=\"http:\/\/www.lebuteur.com\/article\/detail?titre=can-2019-mali-cote-divoire-les-compos-dequipes&#038;id=90180&#038;utm_source=feedburner&#038;utm_medium=feed&#038;utm_campaign=Feed%3A+GalerieFArtciles+%28Les+derniers+articles++-+lebuteur.com%29\">Cliquez ici pour lire l&rsquo;article depuis sa source.<\/a><\/p>\n","protected":false},"excerpt":{"rendered":"<p>Auteur : lundi 08 juillet 2019 16:00 Mali : Diarra, Kon\u00e9, Traor\u00e9, Wagu\u00e9, Djenepo, Fofana, Haidara, Samassekou, Coulibaly, Abdoulay Diaby, Marega C\u00f4te d&rsquo;Ivoire : Gbohouo, Bagayoko, Coulibaly, Kanon, Traor\u00e9, Gbamin, Di\u00e9,\u00a0 Kessi\u00e9, Kodjia, P\u00e9p\u00e9, Zaha Publi\u00e9 dans : CAN 2019 C\u00f4te d&rsquo;Ivoire Mali Auteur: Cliquez ici pour lire l&rsquo;article depuis sa source.<\/p>\n","protected":false},"author":1738,"featured_media":45053,"comment_status":"closed","ping_status":"closed","sticky":false,"template":"","format":"standard","meta":{"fifu_image_url":"","fifu_image_alt":"","footnotes":""},"categories":[53,75],"tags":[],"class_list":["post-45052","post","type-post","status-publish","format-standard","has-post-thumbnail","hentry","category-algerie","category-sport"],"_links":{"self":[{"href":"https:\/\/linitiative.ca\/International\/wp-json\/wp\/v2\/posts\/45052","targetHints":{"allow":["GET"]}}],"collection":[{"href":"https:\/\/linitiative.ca\/International\/wp-json\/wp\/v2\/posts"}],"about":[{"href":"https:\/\/linitiative.ca\/International\/wp-json\/wp\/v2\/types\/post"}],"author":[{"embeddable":true,"href":"https:\/\/linitiative.ca\/International\/wp-json\/wp\/v2\/users\/1738"}],"replies":[{"embeddable":true,"href":"https:\/\/linitiative.ca\/International\/wp-json\/wp\/v2\/comments?post=45052"}],"version-history":[{"count":0,"href":"https:\/\/linitiative.ca\/International\/wp-json\/wp\/v2\/posts\/45052\/revisions"}],"wp:featuredmedia":[{"embeddable":true,"href":"https:\/\/linitiative.ca\/International\/wp-json\/"}],"wp:attachment":[{"href":"https:\/\/linitiative.ca\/International\/wp-json\/wp\/v2\/media?parent=45052"}],"wp:term":[{"taxonomy":"category","embeddable":true,"href":"https:\/\/linitiative.ca\/International\/wp-json\/wp\/v2\/categories?post=45052"},{"taxonomy":"post_tag","embeddable":true,"href":"https:\/\/linitiative.ca\/International\/wp-json\/wp\/v2\/tags?post=45052"}],"curies":[{"name":"wp","href":"https:\/\/api.w.org\/{rel}","templated":true}]}}