{"id":45058,"date":"2019-07-07T19:00:00","date_gmt":"2019-07-07T23:00:00","guid":{"rendered":"https:\/\/linitiative.ca\/International\/sommet-de-lunion-africaine-creer-un-environnement-pour-la-prosperite-du-continent\/"},"modified":"2019-07-07T19:00:00","modified_gmt":"2019-07-07T23:00:00","slug":"sommet-de-lunion-africaine-creer-un-environnement-pour-la-prosperite-du-continent","status":"publish","type":"post","link":"https:\/\/linitiative.ca\/International\/sommet-de-lunion-africaine-creer-un-environnement-pour-la-prosperite-du-continent\/","title":{"rendered":"Sommet de l\u2019Union Africaine :  cr\u00e9er un environnement pour la prosp\u00e9rit\u00e9 du continent"},"content":{"rendered":"<p><strong>&#8211; Engagement constant et ind\u00e9fectible au profit de l\u2019Afrique et de la r\u00e9alisation de ses grands chantiers.<br \/>&#8211; Approfondissement de l\u2019int\u00e9gration continentale, avec le m\u00eame esprit de solidarit\u00e9 et de d\u00e9fense des int\u00e9r\u00eats communs.<br \/>&#8211; La lutte contre la corruption et les flux financiers illicites restera toujours au c\u0153ur des pr\u00e9occupations.<\/strong><\/p>\n<p>L\u2019Alg\u00e9rie a annonc\u00e9, hier \u00e0 Niamey (Niger), sa d\u00e9cision de proc\u00e9der \u00e0 la ratification de l\u2019accord relatif \u00e0 la Zone de libre-\u00e9change continentale africaine (ZLECAf) et que l\u2019instrument y aff\u00e9rent sera d\u00e9pos\u00e9 prochainement aupr\u00e8s du pr\u00e9sident de la Commission de l\u2019Union africaine (UA). \u00abL\u2019Alg\u00e9rie annonce sa d\u00e9cision de proc\u00e9der \u00e0 la ratification de l\u2019accord relatif \u00e0 la ZLECAf et l\u2019instrument y aff\u00e9rent sera d\u00e9pos\u00e9 aupr\u00e8s de la pr\u00e9sidence de la Commission de l\u2019Union africaine\u00bb, a indiqu\u00e9 le Premier ministre, Noureddine Bedoui, qui repr\u00e9sente le chef de l\u2019Etat, Abdelkader Bensalah. Intervenant lors des travaux du 12e sommet extraordinaire des chefs d\u2019Etat et de gouvernement de l\u2019UA, le Premier ministre a pr\u00e9cis\u00e9 que cet acte \u00abt\u00e9moigne, une nouvelle fois, de l\u2019engagement constant et ind\u00e9fectible de l\u2019Alg\u00e9rie au profit de l\u2019Afrique et de la r\u00e9alisation de ses grands chantiers\u00bb. Selon lui, ces assises sont \u00abun moment historique qui consacre la d\u00e9termination de l\u2019Afrique \u00e0 concr\u00e9tiser son engagement de lib\u00e9ralisation du commerce et d\u2019approfondissement de l\u2019int\u00e9gration africaine au service de tous les pays du continent, loin de toute marginalisation ou exclusion\u00bb.<br \/>Le Premier ministre a relev\u00e9 que l\u2019Alg\u00e9rie \u00abpoursuivra son engagement, comme par le pass\u00e9, et avec la m\u00eame \u00e9nergie, dans les n\u00e9gociations en cours et \u00e0 venir, en faveur du parach\u00e8vement de l\u2019ensemble de l\u2019\u00e9difice institutionnel africain et de l\u2019approfondissement de l\u2019int\u00e9gration africaine, avec le m\u00eame esprit de solidarit\u00e9 et de d\u00e9fense des int\u00e9r\u00eats de l\u2019Afrique\u00bb.<br \/>Il a ajout\u00e9 qu\u2019avec l\u2019entr\u00e9e en vigueur de la ZLECAf, \u00abnos pays r\u00e9alisent l\u2019une des aspirations majeures de l\u2019agenda 2063 qui vise \u00e0 faire de l\u2019Afrique un continent \u00e9mergent et un acteur influent et efficace dans les \u00e9changes \u00e9conomiques et commerciaux mondiaux\u00bb.<br \/>La ZLECAf, a-t-il poursuivi, \u00abne manquera pas d\u2019impulser le d\u00e9veloppement du commerce, y compris intra-africain, et de promouvoir la croissance \u00e9conomique et le d\u00e9veloppement durable en tant que vecteur n\u00e9cessaire dans l\u2019\u00e9volution du monde d\u2019aujourd\u2019hui\u00bb. \u00abIl nous revient, de nous atteler, \u00e0 combattre les in\u00e9galit\u00e9s de d\u00e9veloppement qui subsistent, malheureusement encore, en Afrique et \u00e0 placer un tel objectif noble au c\u0153ur de nos pr\u00e9occupations, car il y va de l\u2019avenir de la stabilit\u00e9 de nos soci\u00e9t\u00e9s et de leur coh\u00e9sion\u00bb, a-t-il dit.<br \/>M. Bedoui a indiqu\u00e9 que sur un plan d\u2019ensemble, \u00abil nous appartiendra d\u2019\u0153uvrer solidairement pour que la lib\u00e9ralisation du commerce en Afrique ne soit pas un facteur de destruction de l\u2019industrie naissante dans le continent, en particulier dans le secteur agricole et manufacturier, mais \u00e0 l\u2019inverse un instrument puissant d\u2019accompagnement des pouvoirs publics dans leurs efforts de promotion et de densification du tissu industriel\u00bb. Il a soulign\u00e9 que \u00abnos pays sont appel\u00e9s \u00e0 veiller \u00e0 ce que la ZLECAf profite d\u2019abord et avant tout aux Africains, aux produits et aux marchandises ouvr\u00e9s en Afrique, tout en assumant un commerce intra-africain de mani\u00e8re directe, efficace, sans recours aux interm\u00e9diaires non africains\u00bb.<br \/>\u00abL\u2019attachement de nos pays \u00e0 ces principes permettra d\u2019abord la promotion du label \u2018\u2018Made in Africa\u2019\u2019 \u00e0 l\u2019int\u00e9rieur du continent, ensuite la conqu\u00eate d\u2019autres r\u00e9gions du monde, une fois remplies les conditions minimales de comp\u00e9titivit\u00e9 permettant de s\u2019inscrire dans la cha\u00eene internationale de valeurs\u00bb, a-t-il soutenu.<br \/>Pour lui, la ZLECAf \u00abdispose de tous les attributs et atouts n\u00e9cessaires pour \u00eatre le v\u00e9ritable moteur de croissance de l\u2019Afrique\u00bb, faisant observer que \u00abnous devons tous nous attacher \u00e0 travers le renforcement de notre arsenal juridique commercial, \u00e0 l\u2019harmonisation de nos politiques \u00e9conomiques et au d\u00e9veloppements de syst\u00e8mes de paiement r\u00e9gionaux efficaces et fiables\u00bb. Sur un autre plan, M. Bedoui a relev\u00e9 que la lutte contre la corruption et les flux financiers illicites \u00abrestera toujours au c\u0153ur de nos pr\u00e9occupations, car ces ph\u00e9nom\u00e8nes n\u00e9gatifs sont de nature \u00e0 comprendre tout effort de d\u00e9veloppement national et africain\u00bb, ce qui souligne, a-t-il ajout\u00e9, \u00abla n\u00e9cessit\u00e9 d\u2019harmoniser nos politiques fiscales et celles relatives \u00e0 l\u2019investissement\u00bb.<br \/>\u00a0Il a estim\u00e9 qu\u2019en s\u2019appropriant la mise en \u0153uvre de la ZLECAf, le continent \u00abgardera enti\u00e8rement son destin en main et pourra utiliser \u00e0 bon escient l\u2019existence de la ZLECAf comme un avantage important et un argument de poids\u00bb \u00e0 faire valoir au sein des grandes n\u00e9gociations multilat\u00e9rales pour le b\u00e9n\u00e9fice commun de nos peuples respectifs et de leur prosp\u00e9rit\u00e9\u00bb.<\/p>\n<p><strong>Djellab\u00a0: \u00ab Opportunit\u00e9 d\u2019investissement pour les op\u00e9rateurs. \u00bb<\/strong><\/p>\n<p>L\u2019opportunit\u00e9 d\u2019investissement se pr\u00e9sentera pour tous les op\u00e9rateurs \u00e9conomiques alg\u00e9riens une fois le lancement op\u00e9rationnel de la Zone de libre-\u00e9change continentale africaine pour tous nos op\u00e9rateurs \u00e9conomiques pour qu\u2019ils investissent, une fois cette zone lanc\u00e9e dans sa phase op\u00e9rationnelle\u00bb, a indiqu\u00e9 M. Djellab dans une d\u00e9claration \u00e0 la presse en marge du sommet. Rappelant que l\u2019Alg\u00e9rie a \u00e9t\u00e9 parmi les premiers signataires de cet accord, M. Djellab a indiqu\u00e9 que les objectifs de cette zone se r\u00e9sument en \u00abl\u2019augmentation des \u00e9changes intra-africains et le d\u00e9veloppement des partenariats\u00bb. Il a ajout\u00e9 que \u00abtous les instruments \u00e9taient pr\u00e9par\u00e9s pour qu\u2019il y ait des facilitations d\u2019\u00e9changes intra-africains et de partenariat\u00bb, pr\u00e9cisant dans ce cadre, que l\u2019Alg\u00e9rie \u00abva pr\u00e9senter la liste tarifaire\u00bb.<\/p>\n<p><strong>Cr\u00e9er un environnement\u00a0 pour la prosp\u00e9rit\u00e9<\/strong><\/p>\n<p>La Zone de libre-\u00e9change permettra de cr\u00e9er un environnement favorisant les investissements pour la prosp\u00e9rit\u00e9 de l\u2019Afrique en vue de r\u00e9aliser l\u2019aspiration de ses peuples au progr\u00e8s, ont affirm\u00e9 des chefs d\u2019Etat africains.<br \/>\u00abLa ZLECAf servira \u00e0 cr\u00e9er un environnement d\u2019investissements pour la prosp\u00e9rit\u00e9 de l\u2019Afrique pour r\u00e9aliser l\u2019aspiration de nos peuples aux progr\u00e8s\u00bb, a indiqu\u00e9 le pr\u00e9sident \u00e9gyptien et pr\u00e9sident en exercice de l\u2019Union africaine, Abdelfattah al Sissi. Il a ajout\u00e9 qu\u2019avec l\u2019entr\u00e9e en vigueur de la ZLECAf (30 mai 2019), \u00abnous sommes sur la bonne voie pour r\u00e9aliser l\u2019int\u00e9gration \u00e9conomique du continent\u00bb, pr\u00e9cisant qu\u2019elle servira \u00e0 am\u00e9liorer les \u00e9changes intra-africains et la compl\u00e9mentarit\u00e9.<br \/>Le pr\u00e9sident \u00e9gyptien a indiqu\u00e9, par ailleurs, que la ZLECAf permettra de renforcer \u00abnotre position sur la sc\u00e8ne internationale et concr\u00e9tiser ainsi le r\u00eave des p\u00e8res fondateurs\u00bb. De son c\u00f4t\u00e9, le pr\u00e9sident nig\u00e9rien, Mouhamadou Issoufou, a indiqu\u00e9 que la concr\u00e9tisation de ce projet montrait l\u2019int\u00e9r\u00eat que \u00abnos Etats et nos peuples attachent \u00e0 l\u2019accroissement des \u00e9changes intra-africains\u00bb, ajoutant que cette zone offrirait un potentiel immense aux entreprises africaines. Pour lui, la ZLECAf repr\u00e9sentait un des processus de l\u2019int\u00e9gration \u00e9conomique du contient pour la renaissance de l\u2019Afrique ainsi que l\u2019affirmation de l\u2019identit\u00e9 africaine.<\/p>\n<p><strong>Consolider la paix<\/strong><\/p>\n<p>La Zone de libre-\u00e9change contribuera \u00e0 consolider la paix et \u00e0 assurer la prosp\u00e9rit\u00e9 de l\u2019Afrique, a indiqu\u00e9 le pr\u00e9sident de la Commission de l\u2019Union africaine (UA), Moussa Faki Mahamat.<br \/>Il a indiqu\u00e9 que la ZLECAf servira \u00e0 consolider la paix et \u00e0 assurer la prosp\u00e9rit\u00e9, relevant que c\u2019est un \u00abprojet embl\u00e9matique et une inestimable r\u00e9alisation\u00bb. Il a indiqu\u00e9 que 54 pays (sur 55 membres de l\u2019UA) ont sign\u00e9 l\u2019accord de la ZLECAf et 27 ratifications ont \u00e9t\u00e9 enregistr\u00e9es, affirmant que la croissance \u00e9conomique du continent devra \u00ab\u00eatre plus rapide vu son remarquable potentiel\u00bb.<br \/>Pour lui, elle va favoriser l\u2019\u00e9change, l\u2019\u00e9mancipation de la femme et la prosp\u00e9rit\u00e9, notamment pour la jeunesse, ajoutant que son entr\u00e9e dans sa phase op\u00e9rationnelle permettra la r\u00e9alisation des infrastructures pour l\u2019interconnectivit\u00e9 des territoires.<br \/>\u00a0De son c\u00f4t\u00e9, le commissaire \u00e0 la paix et la s\u00e9curit\u00e9 de l\u2019UA, Sma\u00efl Chergui, a indiqu\u00e9 que la ZLECAf apportera une \u00abtr\u00e8s grande contribution \u00e0 la paix et \u00e0 la stabilit\u00e9 de l\u2019Afrique\u00bb, ajoutant qu\u2019elle permettra aux \u00e9changes de se multiplier.<br \/>\u00abSon impact \u00e9conomique et social sera \u00e9vident donc, nous aurons \u00e9norm\u00e9ment de gains en mati\u00e8re d\u2019emploi et de mobilit\u00e9 de main-d\u2019\u0153uvre\u00bb, a-t-il dit, relevant qu\u2019il y a une d\u00e9termination politique des Etats membres pour donner un souffre \u00e0 cette int\u00e9gration africaine.<br \/>Lors du sommet de Kigali tenu en mars 2018, les Etats membres de l\u2019UA signataires de l\u2019Accord portant cr\u00e9ation de la ZLECAf ont donn\u00e9 un signal fort pour la consolidation et le renforcement des \u00e9changes commerciaux intra-africains dans l\u2019objectif de la cr\u00e9ation d\u2019un march\u00e9 africain unique.<br \/>L\u2019id\u00e9e de la cr\u00e9ation la ZLECAf avait \u00e9t\u00e9 d\u00e9clin\u00e9e dans le Trait\u00e9 d\u2019Abuja en 1991, qui dispose que les Etats africains doivent renforcer leurs Communaut\u00e9s Economiques R\u00e9gionales (CER) en int\u00e9grant et en coordonnant leurs politiques commerciales.<br \/>La ZLECAf est entr\u00e9e en vigueur le 30 mai dernier, dans l\u2019objectif de constituer un march\u00e9 unique pour les biens et services au niveau du continent, bas\u00e9 sur la libre-circulation des activit\u00e9s et des investissements. Tr\u00e8s attendu, cet espace constitue un march\u00e9 de 1,2 milliard de personnes et cr\u00e9era un march\u00e9 de 3.000 milliards de dollars, sans aucun droit de douane ni restriction \u00e0 la fronti\u00e8re, selon les donn\u00e9es fournies par ses concepteurs.\u00a0\u00a0\u00a0<br \/>\u00a0<\/p>\n<p>Auteur: elmoudjahid<br \/>\n<a href=\"http:\/\/www.elmoudjahid.com\/fr\/actualites\/139030\">Cliquez ici pour lire l&rsquo;article depuis sa source.<\/a><\/p>\n","protected":false},"excerpt":{"rendered":"<p>&#8211; Engagement constant et ind\u00e9fectible au profit de l\u2019Afrique et de la r\u00e9alisation de ses grands chantiers.&#8211; Approfondissement de l\u2019int\u00e9gration continentale, avec le m\u00eame esprit de solidarit\u00e9 et de d\u00e9fense des int\u00e9r\u00eats communs.&#8211; La lutte contre la corruption et les flux financiers illicites restera toujours au c\u0153ur des pr\u00e9occupations. L\u2019Alg\u00e9rie a annonc\u00e9, hier \u00e0 Niamey [&hellip;]<\/p>\n","protected":false},"author":1744,"featured_media":0,"comment_status":"closed","ping_status":"closed","sticky":false,"template":"","format":"standard","meta":{"fifu_image_url":"","fifu_image_alt":"","footnotes":""},"categories":[73,53],"tags":[],"class_list":["post-45058","post","type-post","status-publish","format-standard","hentry","category-actualite","category-algerie"],"_links":{"self":[{"href":"https:\/\/linitiative.ca\/International\/wp-json\/wp\/v2\/posts\/45058","targetHints":{"allow":["GET"]}}],"collection":[{"href":"https:\/\/linitiative.ca\/International\/wp-json\/wp\/v2\/posts"}],"about":[{"href":"https:\/\/linitiative.ca\/International\/wp-json\/wp\/v2\/types\/post"}],"author":[{"embeddable":true,"href":"https:\/\/linitiative.ca\/International\/wp-json\/wp\/v2\/users\/1744"}],"replies":[{"embeddable":true,"href":"https:\/\/linitiative.ca\/International\/wp-json\/wp\/v2\/comments?post=45058"}],"version-history":[{"count":0,"href":"https:\/\/linitiative.ca\/International\/wp-json\/wp\/v2\/posts\/45058\/revisions"}],"wp:attachment":[{"href":"https:\/\/linitiative.ca\/International\/wp-json\/wp\/v2\/media?parent=45058"}],"wp:term":[{"taxonomy":"category","embeddable":true,"href":"https:\/\/linitiative.ca\/International\/wp-json\/wp\/v2\/categories?post=45058"},{"taxonomy":"post_tag","embeddable":true,"href":"https:\/\/linitiative.ca\/International\/wp-json\/wp\/v2\/tags?post=45058"}],"curies":[{"name":"wp","href":"https:\/\/api.w.org\/{rel}","templated":true}]}}