{"id":45059,"date":"2019-07-07T19:00:00","date_gmt":"2019-07-07T23:00:00","guid":{"rendered":"https:\/\/linitiative.ca\/International\/promotion-de-la-langue-amazighe-70-enseignants-en-formation\/"},"modified":"2019-07-07T19:00:00","modified_gmt":"2019-07-07T23:00:00","slug":"promotion-de-la-langue-amazighe-70-enseignants-en-formation","status":"publish","type":"post","link":"https:\/\/linitiative.ca\/International\/promotion-de-la-langue-amazighe-70-enseignants-en-formation\/","title":{"rendered":"Promotion de la langue amazighe : 70 enseignants en formation"},"content":{"rendered":"<p><strong>\u00abCette session de formation, initi\u00e9e au profit de 70 enseignants de langue amazighe de la wilaya d\u2019Alger, fait suite \u00e0 celle qui a eu lieu en 2018, \u00e0 l\u2019Institut national de formation des cadres de l\u2019\u00e9ducation Bachir-Ibrahimi d\u2019A\u00efn T\u00e9mouchent, et qui a concern\u00e9 250 enseignants venus de plusieurs wilayas.\u00bb<\/strong><\/p>\n<p>Tels sont, en substance,\u00a0 les propos du ministre de l\u2019\u00c9ducation nationale, qui s\u2019est exprim\u00e9, hier, au lyc\u00e9e des math\u00e9matiques de Kouba (Alger), lors de l\u2019ouverture\u00a0 d\u2019une session de formation au profit des enseignants de langue amazighe.\u00a0 Une session qui devrait s\u2019\u00e9taler jusqu\u2019au 10 juillet.\u00a0<br \/>Dans ce sillage, Abdelhakim Belabed a r\u00e9v\u00e9l\u00e9 qu\u2019\u00e0 la prochaine rentr\u00e9e scolaire, une autre session de formation sera organis\u00e9e, \u00e0 Batna cette fois, au profit de 100 enseignants d\u2019amazigh de l\u2019est du pays.\u00a0 \u00abLa tenue de cette rencontre co\u00efncide avec la sortie de l\u2019\u00c9cole normale sup\u00e9rieure (ENS) de Bouzar\u00e9ah, de la premi\u00e8re promotion de 40 enseignants du cycle primaire en amazigh\u00bb, s\u2019est-il r\u00e9joui, avant d\u2019ajouter que l\u2019enseignement de cette langue se diffuse progressivement \u00e0 travers le pays,\u00a0 et ce dans ses diff\u00e9rentes variantes locales. \u00abL\u2019enseignement d\u2019amazigh est, il faut le dire, en progression constante. \u00c0 ce propos, depuis 1995, le nombre d\u2019\u00e9tudiants en amazigh a \u00e9t\u00e9 multipli\u00e9 par dix, passants de 37.690 \u00e9l\u00e8ves \u00e0 plus de 390.000 en 2019, r\u00e9partis sur 44 wilayas\u00bb, a-t-il rappel\u00e9, avant de pr\u00e9ciser que le nombre des enseignants de langue amazighe est pass\u00e9 sur la m\u00eame p\u00e9riode, de 233 \u00e0 3.039 actuellement. Le ministre a soutenu que ce progr\u00e8s \u00absignificatif\u00bb s\u2019explique, entre autres, par\u00a0 le partenariat qui lie son d\u00e9partement, au Haut-Commissariat \u00e0 l\u2019amazighit\u00e9 (HCA).<br \/>\u00a0Le ministre de l\u2019\u00c9ducation a, par ailleurs, insist\u00e9 sur le fait que l\u2019\u00e9cole alg\u00e9rienne a pour r\u00f4le d\u2019inculquer au citoyen, l\u2019amour de la patrie, de ses valeurs et de son identit\u00e9 nationale b\u00e2tie sur le triptyque\u00a0: Islamit\u00e9, Arabit\u00e9 et Amazighit\u00e9.<br \/>Poursuivant ses propos, Abdelhakim Belabed a affirm\u00e9 que le r\u00f4le de l\u2019\u00e9cole est, notamment d\u2019ancrer les valeurs de la glorieuse R\u00e9volution de Novembre 1954 et le principe inali\u00e9nable de l\u2019unit\u00e9 nationale. \u00abL\u2019\u00e9cole est un facteur d\u2019unification, de fortification de la conscience nationale et de fid\u00e9lit\u00e9 \u00e0 la patrie\u00bb, a-t-il r\u00e9it\u00e9r\u00e9, non sans soutenir que l\u2019Arabit\u00e9 et l\u2019Amazighit\u00e9, additionn\u00e9es aux\u00a0valeurs spirituelles de l\u2019islam, sont le ciment de la personnalit\u00e9 alg\u00e9rienne.<br \/>Revenant sur la question de la promotion de l\u2019amazigh, le ministre n\u2019omettra pas de souligner que l\u2019ensemble des moyens scientifiques et mat\u00e9riels ont \u00e9t\u00e9 mis \u00e0 disposition pour son d\u00e9veloppement. \u00abLe but de ces sessions de formation est de renforcer les enseignants sur le plan de la didactique et de la p\u00e9dagogie\u00bb, a-t-il assur\u00e9, avant de conclure son intervention en affirmant que \u00abces efforts s\u2019inscrivent dans la strat\u00e9gie des pouvoirs publics pour g\u00e9n\u00e9raliser son enseignement et lui rendre la place qui lui sied\u00bb.\u00a0<br \/>De son c\u00f4t\u00e9, le secr\u00e9taire g\u00e9n\u00e9ral du HCA a affirm\u00e9 que\u00a0\u00abl\u2019amazighit\u00e9 et l\u2019arabit\u00e9 ont v\u00e9cu ensemble durant des si\u00e8cles sans le moindre probl\u00e8me, contrairement \u00e0 ce que pr\u00e9tendent certains\u00bb. Si El-Hachemi Assad a aussi mis \u00e0 profit cette opportunit\u00e9, pour saluer le soutien constant des pouvoirs publics dans la promotion de cette langue. \u00abL\u2019officialisation de l\u2019amazigh est un grand acquis pour l\u2019ensemble du peuple alg\u00e9rien. Cet acquis est certes le r\u00e9sultat du combat de plusieurs g\u00e9n\u00e9rations, mais il est surtout le fruit de la bonne volont\u00e9 des pouvoirs publics\u00bb, a-t-il fait savoir, avant de se f\u00e9liciter sur le fait que l\u2019\u00e9cole va contribuer davantage \u00e0 renforcer le vivre ensemble entre l\u2019ensemble des Alg\u00e9riens, \u00abloin de tout r\u00e9gionalisme et de toutes formes d\u2019extr\u00e9misme\u00bb. M. Assad a, notamment soulign\u00e9 que cette rencontre est l\u2019occasion pour pouvoir faire le point sur les r\u00e9alisations et sur le chemin parcouru. \u00abProchainement, une fili\u00e8re d\u2019enseignement en langue amazigh sera ouverte \u00e0 Ouargla\u00bb, a-t-il annonc\u00e9, ajoutant, dans la foul\u00e9e, que\u00a0 cette fili\u00e8re renforcera l\u2019enseignement d\u00e9livr\u00e9 par les d\u00e9partements de langue et de culture amazighes des universit\u00e9s de Tizi Ouzou, de B\u00e9ja\u00efa, de Batna et de Bouira. Enfin, Si El- Hachemi Assad a \u00abappel\u00e9 au renforcement de l\u2019enseignement de\u00a0 l\u2019amazigh au profit de notre communaut\u00e9 \u00e0 l\u2019\u00e9tranger\u00bb.<br \/><strong>Sami Kaidi<\/strong><\/p>\n<p>Auteur: elmoudjahid<br \/>\n<a href=\"http:\/\/www.elmoudjahid.com\/fr\/actualites\/139031\">Cliquez ici pour lire l&rsquo;article depuis sa source.<\/a><\/p>\n","protected":false},"excerpt":{"rendered":"<p>\u00abCette session de formation, initi\u00e9e au profit de 70 enseignants de langue amazighe de la wilaya d\u2019Alger, fait suite \u00e0 celle qui a eu lieu en 2018, \u00e0 l\u2019Institut national de formation des cadres de l\u2019\u00e9ducation Bachir-Ibrahimi d\u2019A\u00efn T\u00e9mouchent, et qui a concern\u00e9 250 enseignants venus de plusieurs wilayas.\u00bb Tels sont, en substance,\u00a0 les propos [&hellip;]<\/p>\n","protected":false},"author":1744,"featured_media":0,"comment_status":"closed","ping_status":"closed","sticky":false,"template":"","format":"standard","meta":{"fifu_image_url":"","fifu_image_alt":"","footnotes":""},"categories":[73,53],"tags":[],"class_list":["post-45059","post","type-post","status-publish","format-standard","hentry","category-actualite","category-algerie"],"_links":{"self":[{"href":"https:\/\/linitiative.ca\/International\/wp-json\/wp\/v2\/posts\/45059","targetHints":{"allow":["GET"]}}],"collection":[{"href":"https:\/\/linitiative.ca\/International\/wp-json\/wp\/v2\/posts"}],"about":[{"href":"https:\/\/linitiative.ca\/International\/wp-json\/wp\/v2\/types\/post"}],"author":[{"embeddable":true,"href":"https:\/\/linitiative.ca\/International\/wp-json\/wp\/v2\/users\/1744"}],"replies":[{"embeddable":true,"href":"https:\/\/linitiative.ca\/International\/wp-json\/wp\/v2\/comments?post=45059"}],"version-history":[{"count":0,"href":"https:\/\/linitiative.ca\/International\/wp-json\/wp\/v2\/posts\/45059\/revisions"}],"wp:attachment":[{"href":"https:\/\/linitiative.ca\/International\/wp-json\/wp\/v2\/media?parent=45059"}],"wp:term":[{"taxonomy":"category","embeddable":true,"href":"https:\/\/linitiative.ca\/International\/wp-json\/wp\/v2\/categories?post=45059"},{"taxonomy":"post_tag","embeddable":true,"href":"https:\/\/linitiative.ca\/International\/wp-json\/wp\/v2\/tags?post=45059"}],"curies":[{"name":"wp","href":"https:\/\/api.w.org\/{rel}","templated":true}]}}