{"id":45061,"date":"2019-07-07T19:00:00","date_gmt":"2019-07-07T23:00:00","guid":{"rendered":"https:\/\/linitiative.ca\/International\/auberges-de-jeunesse-des-structures-a-rehabiliter\/"},"modified":"2019-07-07T19:00:00","modified_gmt":"2019-07-07T23:00:00","slug":"auberges-de-jeunesse-des-structures-a-rehabiliter","status":"publish","type":"post","link":"https:\/\/linitiative.ca\/International\/auberges-de-jeunesse-des-structures-a-rehabiliter\/","title":{"rendered":"Auberges de Jeunesse :  Des structures \u00e0 r\u00e9habiliter"},"content":{"rendered":"<p><strong>Il f\u00fbt un temps o\u00f9 les auberges de jeunesse, chez-nous, faisaient le bonheur des \u00e9tudiants, des ch\u00f4meurs et de tous les jeunes qui ne pouvaient se payer des vacances, en Alg\u00e9rie o\u00f9 m\u00eame \u00e0 l&rsquo;\u00e9tranger. La fameuse carte d&rsquo;adh\u00e9rent, d\u00e9livr\u00e9e par ces structures \u00e0 vocation touristique, pour des sommes modiques, semble perdre sa cote, pour ne pas dire tout simplement qu&rsquo;elle a besoin d&rsquo;une vague de fra\u00eecheur d\u00e9ferlante afin de retrouver son aura et surtout son efficience.<\/strong><\/p>\n<p>A l&rsquo;heure o\u00f9, la tendance \u00e0 l&rsquo;\u00e9chelle mondiale est \u00e0 la promotion du tourisme de masse, il faut se r\u00e9approprier les auberges d&rsquo;autant plus que l&rsquo;Alg\u00e9rie, il y a quelques ann\u00e9es seulement, d\u00e9tenait la troisi\u00e8me place, en termes de r\u00e9seau, apr\u00e8s l\u2019Allemagne et la France. Les temps ont bel et bien chang\u00e9, aujourd\u2019hui, pour de nombreuses auberges lesquelles quand elles ne sont pas ferm\u00e9es, elles sont carr\u00e9ment transform\u00e9es en dortoirs. C\u2019est\u00a0 en tout cas, l\u2019\u00e9tat des lieux dress\u00e9 par l\u2019ex-SG de la F\u00e9d\u00e9ration alg\u00e9rienne des Auberges de jeunesse, Rabah Rezgane qui a rendu visite \u00e0 notre journal. Le deuxi\u00e8me responsable de la FAAJ, en poste jusqu\u2019en 2002, parle avec amertume de la situation de plus de 200 \u00e9tablissements, \u00e0 l\u2019\u00e9chelle nationale, vou\u00e9s\u00a0 \u00e0 l\u2019abandon, pour leur majorit\u00e9, faute d\u2019une strat\u00e9gie ou plut\u00f4t d\u2019une vision claire \u00e0 m\u00eame de rentabiliser ces centres d\u2019accueil pour les jeunes lesquels sont cens\u00e9s jouer, de par leur vocation, un r\u00f4le crucial comme celui d\u2019organiser des \u00e9changes entre les jeunes, en leur offrir des opportunit\u00e9s pour passer des vacances, avec un h\u00e9bergement et une restauration, pour un co\u00fbt symbolique, compar\u00e9s \u00e0 ceux propos\u00e9s, par les h\u00f4teliers.<br \/>M. Rezgane, reviendra sur la cr\u00e9ation de la cr\u00e9ation de la FAAJ, en 1983, par le minist\u00e8re de la Jeunesse et des Sports, \u00e0 l\u2019issue des travaux d\u2019un congr\u00e8s du FLN, sanctionn\u00e9s par une recommandation entre autres mettant en exergue l\u2019option de d\u00e9veloppement du tourisme des jeunes. C\u2019est dans ce sens, dira-t-il que la F\u00e9d\u00e9ration alg\u00e9rienne\u00a0 des Auberges de la jeunesse que f\u00fbt prise la\u00a0 d\u00e9cision d\u2019adh\u00e9rer \u00e0 la F\u00e9d\u00e9ration internationale et l\u2019Union arabe des Auberges de Jeunesse. L\u2019ex-SG de la FAAJ, expliquera qu\u2019en 1989, \u00e0 la suite d\u2019un congr\u00e8s, auquel avait prit part le pr\u00e9sident de la F\u00e9d\u00e9ration Internationale des Auberges de Jeunesse ou\u00a0 la IYHF, M. John Parffait. Ce sera, d\u2019ailleurs, estimera-il, le d\u00e9but d\u2019une nouvelle vision pour aller vers de l\u2019id\u00e9e de simples dortoirs pour les jeunes \u00e0 des infrastructures\u00a0 qui a comme principale vocation d\u2019\u00e9change entre les jeunes. Un pr\u00e9sident et un SG ont\u00a0\u00a0 couronn\u00e9 les travaux de ce m\u00eame congr\u00e8s. Des formations au profit des gestionnaires\u00a0 avaient \u00e9t\u00e9 organis\u00e9es, en Allemagne, France, en Suisse sur les syst\u00e8mes de gestion. Et c\u2019est ainsi, que l\u2019id\u00e9e de construire des structures autonomes. Ce qui a contribu\u00e9, selon,\u00a0 M. Rezgane, \u00e0 l\u2019\u00e9mergence de nombreux probl\u00e8mes, notamment ceux li\u00e9s \u00e0\u00a0 la gestion, d\u2019autant plus que les auberges\u00a0 continuent \u00e0 d\u00e9pendre des offices des \u00e9tablissement de jeunes alors qu\u2019une bonne gestion des auberges renvoie avant tout au choix de personnel qualifi\u00e9 dans le domaine pour\u00a0 valoriser ces structures. Il ajoutera par ailleurs que des propositions ont \u00e9t\u00e9 faites\u00a0 \u00e0 la tutelle, depuis 1988 mais sans suite. Pis, un arr\u00eat\u00e9 minist\u00e9riel a \u00e9t\u00e9 publi\u00e9 en 2016 mais\u00a0 \u00e0 ce jour, il n\u2019a pas \u00e9t\u00e9 appliqu\u00e9, pourtant la date butoir de celui-ci est fix\u00e9e au 31 d\u00e9cembre dernier. Aujourd\u2019hui, l\u2019ex-SG de la FAAJ\u00a0 s\u2019interroge sur le v\u00e9ritable r\u00f4le de la f\u00e9d\u00e9ration qui n\u2019a pas tenu son A.G depuis 2014 et appelle \u00e0 la tutelle \u00e0 intervenir pour l\u2019\u00e9laboration d\u2019une nouvelle feuille de route pour les auberges, en partenariat avec le minist\u00e8re, les ODEJ, la FAAJ et les auberges de jeunesse, avec des objectifs trac\u00e9s, \u00e0 moyen et\u00a0 long termes notamment sur les plans des syst\u00e8mes d\u2019information, de performance, de r\u00e9gulation sachant que l\u2019Etat a mobilis\u00e9 des\u00a0 moyens financiers colossaux pour ce genre d\u2019\u00e9tablissements. Il faut savoir conclura-t-il, que des auberges non homologu\u00e9es activent et Alger demeure la seule capitale, du pourtour m\u00e9diterran\u00e9en qui ne poss\u00e8de pas d\u2019auberge, aujourd\u2019hui.<br \/>\u00a0\u00a0\u00a0 \u00a0Samia D.\u00a0\u00a0\u00a0\u00a0\u00a0\u00a0<br \/>\u00a0<\/p>\n<p>Auteur: elmoudjahid<br \/>\n<a href=\"http:\/\/www.elmoudjahid.com\/fr\/actualites\/139033\">Cliquez ici pour lire l&rsquo;article depuis sa source.<\/a><\/p>\n","protected":false},"excerpt":{"rendered":"<p>Il f\u00fbt un temps o\u00f9 les auberges de jeunesse, chez-nous, faisaient le bonheur des \u00e9tudiants, des ch\u00f4meurs et de tous les jeunes qui ne pouvaient se payer des vacances, en Alg\u00e9rie o\u00f9 m\u00eame \u00e0 l&rsquo;\u00e9tranger. La fameuse carte d&rsquo;adh\u00e9rent, d\u00e9livr\u00e9e par ces structures \u00e0 vocation touristique, pour des sommes modiques, semble perdre sa cote, pour [&hellip;]<\/p>\n","protected":false},"author":1744,"featured_media":0,"comment_status":"closed","ping_status":"closed","sticky":false,"template":"","format":"standard","meta":{"fifu_image_url":"","fifu_image_alt":"","footnotes":""},"categories":[73,53],"tags":[],"class_list":["post-45061","post","type-post","status-publish","format-standard","hentry","category-actualite","category-algerie"],"_links":{"self":[{"href":"https:\/\/linitiative.ca\/International\/wp-json\/wp\/v2\/posts\/45061","targetHints":{"allow":["GET"]}}],"collection":[{"href":"https:\/\/linitiative.ca\/International\/wp-json\/wp\/v2\/posts"}],"about":[{"href":"https:\/\/linitiative.ca\/International\/wp-json\/wp\/v2\/types\/post"}],"author":[{"embeddable":true,"href":"https:\/\/linitiative.ca\/International\/wp-json\/wp\/v2\/users\/1744"}],"replies":[{"embeddable":true,"href":"https:\/\/linitiative.ca\/International\/wp-json\/wp\/v2\/comments?post=45061"}],"version-history":[{"count":0,"href":"https:\/\/linitiative.ca\/International\/wp-json\/wp\/v2\/posts\/45061\/revisions"}],"wp:attachment":[{"href":"https:\/\/linitiative.ca\/International\/wp-json\/wp\/v2\/media?parent=45061"}],"wp:term":[{"taxonomy":"category","embeddable":true,"href":"https:\/\/linitiative.ca\/International\/wp-json\/wp\/v2\/categories?post=45061"},{"taxonomy":"post_tag","embeddable":true,"href":"https:\/\/linitiative.ca\/International\/wp-json\/wp\/v2\/tags?post=45061"}],"curies":[{"name":"wp","href":"https:\/\/api.w.org\/{rel}","templated":true}]}}