{"id":45062,"date":"2019-07-07T19:00:00","date_gmt":"2019-07-07T23:00:00","guid":{"rendered":"https:\/\/linitiative.ca\/International\/reunion-des-cadres-des-affaires-religieuses-promouvoir-la-culture-du-dialogue\/"},"modified":"2019-07-07T19:00:00","modified_gmt":"2019-07-07T23:00:00","slug":"reunion-des-cadres-des-affaires-religieuses-promouvoir-la-culture-du-dialogue","status":"publish","type":"post","link":"https:\/\/linitiative.ca\/International\/reunion-des-cadres-des-affaires-religieuses-promouvoir-la-culture-du-dialogue\/","title":{"rendered":"R\u00e9union des cadres des affaires religieuses : Promouvoir la culture du dialogue"},"content":{"rendered":"<p><strong>&#8211; Premier d\u00e9part vers les Lieux saints, le 15 juillet.<br \/>&#8211; 900 places p\u00e9dagogiques suppl\u00e9mentaires, pour la formation des imams.<br \/>&#8211; Affectation de 2.440 logements au profit des imams.<\/strong><\/p>\n<p>Le ministre des Affaires religieuses et des Waqfs, Youcef Belmehdi, a pr\u00e9sid\u00e9, hier \u00e0 Dar El-Imam d\u2019El-Mohammadia (Alger), une rencontre avec les cadres des directions des wilayas de son secteur. L\u2019examen\u00a0 du dossier des waqfs, de la teneur p\u00e9dagogique des discours et pr\u00eaches des mosqu\u00e9es,\u00a0 la gestion des affaires administratives \u00e9taient\u00a0 parmi les th\u00e9matiques inscrites \u00e0 l\u2019ordre du jour.<br \/>L\u2019heure est au bilan\u00a0 pour le ministre des Affaires religieuses et des Waqfs, Youcef Belmehdi, qui s\u2019est f\u00e9licit\u00e9 de \u00abl\u2019affectation de 2.440 logements, toutes formules confondues,\u00a0 au profit des imams\u00bb. Le ministre a pr\u00e9cis\u00e9 que \u00abceux qui\u00a0 ont d\u00e9pos\u00e9 des dossiers doivent attendre leur examen,\u00a0 au m\u00eame titre que tout autre citoyen\u00bb, et d\u2019ajouter\u00a0 que \u00abl\u2019\u00e9tude des dossiers verra le nombre des b\u00e9n\u00e9ficiaires augmenter,\u00a0 pour atteindre\u00a0 les 6.104 logements\u00a0 au profit des imams\u00bb.<br \/>Aussi, \u00ables conditions socio\u00e9conomiques sont d\u2019une importance majeure pour la stabilit\u00e9 du secteur\u00bb, avance le ministre, non sans souligner \u00able r\u00f4le\u00bb que jouent les imams dans la promotion de \u00abla culture du dialogue\u00bb vu qu\u2019ils sont directement\u00a0 impliqu\u00e9s dans la vie de la communaut\u00e9,\u00a0 o\u00f9 ils assurent le r\u00f4le de conseillers et de m\u00e9diateurs.<br \/>L\u2019autre condition concerne la protection des imams. Un sujet qui refait surface \u00e0 chaque fois que les m\u00e9dias rapportent des faits d\u2019agressions dont sont victimes ces derniers. M. Belmehdi explique d\u2019abord que \u00abl\u2019Etat,\u00a0 avec tous les moyens qu\u2019il mobilise,\u00a0 est l\u00e0 pour prot\u00e9ger tout citoyen et veiller \u00e0 sa s\u00e9curit\u00e9\u00bb.<br \/>N\u00e9anmoins, le ministre ne s\u2019arr\u00eatera pas l\u00e0,\u00a0 puisqu\u2019il\u00a0 r\u00e9v\u00e9lera que \u00abdes contacts avanc\u00e9s avec le d\u00e9partement de la Justice sont en cours, et ce,\u00a0 dans le but de r\u00e9activer le projet de loi incriminant les atteintes ou intimidations \u00e0 l\u2019encontre des imams\u00bb.<br \/>\u00a0Ce projet qui, rappelle-t-il, \u00abdate de 2017, sera r\u00e9activ\u00e9 pour \u00eatre examin\u00e9 et propos\u00e9 aux d\u00e9put\u00e9s, une fois la situation politique stabilis\u00e9e\u00bb.<br \/>\u00abNos imams ont de tout temps appel\u00e9 au dialogue et \u00e0 la r\u00e9conciliation dans leurs pr\u00eaches. Ils n\u2019attendent pas de directives pour contribuer \u00e0 la promotion de la culture de la paix et la pr\u00e9servation de la stabilit\u00e9\u00bb, r\u00e9pond\u00a0 le ministre \u00e0 une question sur l\u2019apport de la mosqu\u00e9e dans l\u2019initiative\u00a0 du chef de l\u2019Etat, qui a appel\u00e9 \u00e0 un dialogue inclusif, en cette p\u00e9riode charni\u00e8re marqu\u00e9e par des revendications populaires.<\/p>\n<p><strong>\u00a0La loi sur la gestion des biens waqfs, annonc\u00e9e pour la prochaine rentr\u00e9e sociale<\/strong><\/p>\n<p>A cet effet, il soulignera que \u00able r\u00f4le des imams consiste \u00e0 proposer aux fid\u00e8les une lecture de l\u2019islam coh\u00e9rente, apais\u00e9e, contextualis\u00e9e et impr\u00e9gn\u00e9e de spiritualit\u00e9. C\u2019est ce qui permet de\u00a0 donner aux citoyens des rep\u00e8res pour mieux vivre, et ainsi\u00a0 les aider \u00e0 prendre conscience de leurs responsabilit\u00e9s pour pr\u00e9server la stabilit\u00e9 de leur pays\u00bb.<br \/>Versant plut\u00f4t dans le r\u00e9alisme et l\u2019action de terrain, le ministre a tenu \u00e0 adresser un message aux responsables et cadres de son secteur\u00a0: \u00abLa fonction administrative demande une disponibilit\u00e9, une \u00e9coute et une pr\u00e9sence de tous les instants. C\u2019est une lourde responsabilit\u00e9. Cette responsabilit\u00e9\u00a0 impose\u00a0 aux cadres du secteur une exigence face \u00e0 leur action, une \u00e9thique face \u00e0 leur engagement. Ils doivent avoir un discours en phase avec leur environnement, un rayonnement au-del\u00e0 de la mosqu\u00e9e.\u00bb<br \/>Pour r\u00e9gler les probl\u00e8mes du secteur des Affaires religieuses, le ministre avait formul\u00e9, il y a quelques semaines,\u00a0 le souhait de voir \u00e9laborer \u00abune charte d\u2019\u00e9thique\u00bb qui devrait d\u00e9finir les principes orientant la mission de tous les acteurs du secteur des Affaires religieuses. Dans ce contexte, il a encore une fois affirm\u00e9 que seul \u00abl\u2019esprit d\u2019ouverture et de dialogue avec les acteurs du secteur est \u00e0 m\u00eame d\u2019instaurer un climat de s\u00e9r\u00e9nit\u00e9 et de stabilit\u00e9\u00bb. Le ministre a cette fois mis en avant ce qu\u2019il a qualifi\u00e9 de \u00absolidarit\u00e9 administrative\u00bb pour \u00e9voquer les responsables administratifs qui devraient, selon lui, \u00ab\u00eatre \u00e0 la hauteur de la confiance qu\u2019on leur accorde\u00bb.<br \/>Le ministre a, par ailleurs, expliqu\u00e9 qu\u2019un projet de loi sur la gestion des waqfs verra le jour, \u00ablors de la prochaine rentr\u00e9e sociale\u00bb.<br \/>Enfin, il \u00e9voquera la saison du Hadj, en informant que \u00able\u00a0 premier d\u00e9part des membres de la d\u00e9l\u00e9gation alg\u00e9rienne est programm\u00e9 pour le 10 juillet. Celui-ci devrait \u00eatre suivi du premier vol de hadjis vers les Lieux Saints le 15 du m\u00eame mois\u00bb.<br \/>Dans un autre contexte, le ministre a fait \u00e9tat de l\u2019augmentation du nombre des places p\u00e9dagogiques au niveau des centres et instituts de formation des imams et Irchad (orientation) : \u00abLa capacit\u00e9 d\u2019accueil, qui \u00e9tait\u00a0 de 100 places l\u2019ann\u00e9e pass\u00e9e, a atteint presque les 1.000 cette ann\u00e9e.\u00bb<br \/><strong>Tahar Kaidi<\/strong><\/p>\n<p>Auteur: elmoudjahid<br \/>\n<a href=\"http:\/\/www.elmoudjahid.com\/fr\/actualites\/139034\">Cliquez ici pour lire l&rsquo;article depuis sa source.<\/a><\/p>\n","protected":false},"excerpt":{"rendered":"<p>&#8211; Premier d\u00e9part vers les Lieux saints, le 15 juillet.&#8211; 900 places p\u00e9dagogiques suppl\u00e9mentaires, pour la formation des imams.&#8211; Affectation de 2.440 logements au profit des imams. Le ministre des Affaires religieuses et des Waqfs, Youcef Belmehdi, a pr\u00e9sid\u00e9, hier \u00e0 Dar El-Imam d\u2019El-Mohammadia (Alger), une rencontre avec les cadres des directions des wilayas de [&hellip;]<\/p>\n","protected":false},"author":1744,"featured_media":0,"comment_status":"closed","ping_status":"closed","sticky":false,"template":"","format":"standard","meta":{"fifu_image_url":"","fifu_image_alt":"","footnotes":""},"categories":[73,53],"tags":[],"class_list":["post-45062","post","type-post","status-publish","format-standard","hentry","category-actualite","category-algerie"],"_links":{"self":[{"href":"https:\/\/linitiative.ca\/International\/wp-json\/wp\/v2\/posts\/45062","targetHints":{"allow":["GET"]}}],"collection":[{"href":"https:\/\/linitiative.ca\/International\/wp-json\/wp\/v2\/posts"}],"about":[{"href":"https:\/\/linitiative.ca\/International\/wp-json\/wp\/v2\/types\/post"}],"author":[{"embeddable":true,"href":"https:\/\/linitiative.ca\/International\/wp-json\/wp\/v2\/users\/1744"}],"replies":[{"embeddable":true,"href":"https:\/\/linitiative.ca\/International\/wp-json\/wp\/v2\/comments?post=45062"}],"version-history":[{"count":0,"href":"https:\/\/linitiative.ca\/International\/wp-json\/wp\/v2\/posts\/45062\/revisions"}],"wp:attachment":[{"href":"https:\/\/linitiative.ca\/International\/wp-json\/wp\/v2\/media?parent=45062"}],"wp:term":[{"taxonomy":"category","embeddable":true,"href":"https:\/\/linitiative.ca\/International\/wp-json\/wp\/v2\/categories?post=45062"},{"taxonomy":"post_tag","embeddable":true,"href":"https:\/\/linitiative.ca\/International\/wp-json\/wp\/v2\/tags?post=45062"}],"curies":[{"name":"wp","href":"https:\/\/api.w.org\/{rel}","templated":true}]}}