{"id":45063,"date":"2019-07-07T19:00:00","date_gmt":"2019-07-07T23:00:00","guid":{"rendered":"https:\/\/linitiative.ca\/International\/centre-culturel-islamique-inculquer-les-valeurs-nationalistes-aux-jeunes-orphelins\/"},"modified":"2019-07-07T19:00:00","modified_gmt":"2019-07-07T23:00:00","slug":"centre-culturel-islamique-inculquer-les-valeurs-nationalistes-aux-jeunes-orphelins","status":"publish","type":"post","link":"https:\/\/linitiative.ca\/International\/centre-culturel-islamique-inculquer-les-valeurs-nationalistes-aux-jeunes-orphelins\/","title":{"rendered":"Centre culturel islamique   : Inculquer les valeurs nationalistes aux jeunes orphelins"},"content":{"rendered":"<p>Le Centre culturel islamique (cci) d\u2019Alger a organis\u00e9, hier, dans le cadre des activit\u00e9s culturelles, et \u00e0 l\u2019occasion du 57e\u00a0 anniversaire de l\u2019Ind\u00e9pendance et de la Jeunesse, un \u00e9v\u00e9nement ouvert au public,\u00a0 ayant pour th\u00e8me, \u00a0\u00abL\u2019\u00e9ducation coranique pendant la guerre de Lib\u00e9ration et son impact sur la pr\u00e9servation de l\u2019identit\u00e9 et la restauration de la souverainet\u00e9 nationale\u00bb.\u00a0<br \/>\u00a0Cette rencontre a \u00e9t\u00e9 encadr\u00e9e par\u00a0 Mme Harikan Farida, cadre du CCI, qui a eu \u00e0 pr\u00e9senter le programme et \u00e0 animer les diff\u00e9rentes activit\u00e9s qui se sont d\u00e9roul\u00e9es tout au long de la matin\u00e9e, et par M. Moussa Zerrouk, qui, lui, a indiqu\u00e9 que cette manifestation a \u00e9t\u00e9 organis\u00e9e sous l\u2019\u00e9gide du minist\u00e8re des Affaires religieuses au profit des enfants.\u00a0 Justement, les enfants invit\u00e9s, tous des orphelins relevant d\u2019une association caritative, et dans le cadre de cette comp\u00e9tition culturelle, ont \u00e9t\u00e9 r\u00e9partis en 4 groupes de 5 enfants chacun. Chaque groupe a eu le nom d\u2019un moudjahid ou d\u2019un chahid, \u00e0 savoir, l\u2019\u00e9mir Abdelkader, Lalla Fatma N\u2019Soumer, Abdelhamid Ben-Badis et Hassiba Ben-Bouali.<br \/>Pour leur part,\u00a0 les animateurs Nacer Fellah et Nacer Abdelhak, cadres au Centre culturel islamique, ont \u00e9t\u00e9 d\u00e9sign\u00e9s comme jur\u00e9s de la comp\u00e9tition.<br \/>Les participants, enthousiastes,\u00a0 sont entr\u00e9s en concurrence dans 3 diff\u00e9rentes\u00a0 \u00e9preuves, soit : sciences islamiques, histoire de l\u2019Alg\u00e9rie et l\u2019art de l\u2019\u00e9criture arabe.<br \/>\u00ab\u00a0On a opt\u00e9 pour l\u2019organisation d\u2019une comp\u00e9tition pour les petits enfants, au lieu d\u2019une conf\u00e9rence acad\u00e9mique pour donner de la vie \u00e0 cet \u00e9v\u00e9nement et ne pas tomber dans le risque d\u2019ennuyer l\u2019assistance,\u00a0 surtout en ces temps de grandes chaleurs \u00bb, a tenu \u00e0 pr\u00e9ciser Moussa Zerrouk.<br \/>Les questions ont \u00e9t\u00e9 diverses et \u00e9clectiques, \u00e0 l\u2019exemple de\u00a0: \u00ab\u00a0Quelle est la plus courte Sourah\u00a0 du Coran\u00a0? R\u00e9cite-l\u00e0\u00a0\u00bb,\u00a0 dans l\u2019\u00e9preuve des sciences islamiques, ou encore : \u00abCite 3 exemples de r\u00e9sistances populaires\u00bb, dans l\u2019\u00e9preuve d\u2019histoire. Plusieurs\u00a0\u00ab\u00a0Anachid\u00a0\u00bb (chansons nationales ou islamiques) ont \u00e9t\u00e9 interpr\u00e9t\u00e9s entre chaque \u00e9preuve.<br \/>Soulignons qu\u2019une biographie du chahid dont le groupe porte le nom a \u00e9t\u00e9 pr\u00e9sent\u00e9e par les enfants.<br \/>Il est utile de pr\u00e9ciser que l\u2019\u00e9v\u00e9nement s\u2019est fait en coordination avec l\u2019association Qawafil Al Kheir pour la protection des veuves et des orphelins, qui s\u2019est charg\u00e9e du transport des enfants. \u00abOn est invit\u00e9s \u00e0 chaque fois par le Centre culturel islamique. On accepte avec plaisir, notre but est de faire int\u00e9grer les orphelins au mieux dans notre soci\u00e9t\u00e9\u00bb, nous a expliqu\u00e9 Fatima Zohra Khelifa, responsable de l\u2019association.<br \/>Pour leur part, les petits orphelins ont eu le plaisir d\u2019assister et de participer \u00e0\u00a0 cette initiative. \u00abJ\u2019ai trop aim\u00e9\u00a0! Je remercie les organisateurs, j\u2019ai appris beaucoup de choses, comme par exemple le nom de quelques moudjahidine, j\u2019aimerai bien revivre cette exp\u00e9rience\u00bb, a exprim\u00e9 Abd El Hadi.<br \/>Malak, l\u2019une des enfants ayant particip\u00e9 \u00e0 l\u2019\u00e9v\u00e9nement, a lu, pour conclure, un message destin\u00e9 \u00e0 la g\u00e9n\u00e9ration de la guerre de Lib\u00e9ration.\u00a0\u00ab\u00a0Nous nous inclinons devant le travail et les sacrifices accomplis par nos valeureux martyrs et moudjahidine, sans qui nous ne serions pas l\u00e0 aujourd\u2019hui\u00bb, a-t-elle indiqu\u00e9, tout en mettant en avant le r\u00f4le fort \u00e9ducatif de ce genre d\u2019activit\u00e9s.<br \/>\u00a0\u00abJ\u2019ai appris plein de choses que je vais m\u00e9moriser dans ma t\u00eate, c\u2019\u00e9tait super, ce n\u2019est pas la premi\u00e8re fois que je participe et ce ne sera pas la derni\u00e8re\u00bb, nous a-t-elle affirm\u00e9.<br \/>C\u2019est l\u2019\u00e9quipe baptis\u00e9e du nom d\u2019Abdelhamid Ben-Badis qui a remport\u00e9 la comp\u00e9tition, ce qui n\u2019a pas emp\u00each\u00e9 les organisateurs de primer l\u2019ensemble des enfants participants.<br \/><strong>M. C\u00e9line et M. Bachir<\/strong><\/p>\n<p>Auteur: elmoudjahid<br \/>\n<a href=\"http:\/\/www.elmoudjahid.com\/fr\/actualites\/139035\">Cliquez ici pour lire l&rsquo;article depuis sa source.<\/a><\/p>\n","protected":false},"excerpt":{"rendered":"<p>Le Centre culturel islamique (cci) d\u2019Alger a organis\u00e9, hier, dans le cadre des activit\u00e9s culturelles, et \u00e0 l\u2019occasion du 57e\u00a0 anniversaire de l\u2019Ind\u00e9pendance et de la Jeunesse, un \u00e9v\u00e9nement ouvert au public,\u00a0 ayant pour th\u00e8me, \u00a0\u00abL\u2019\u00e9ducation coranique pendant la guerre de Lib\u00e9ration et son impact sur la pr\u00e9servation de l\u2019identit\u00e9 et la restauration de la [&hellip;]<\/p>\n","protected":false},"author":1744,"featured_media":0,"comment_status":"closed","ping_status":"closed","sticky":false,"template":"","format":"standard","meta":{"fifu_image_url":"","fifu_image_alt":"","footnotes":""},"categories":[73,53],"tags":[],"class_list":["post-45063","post","type-post","status-publish","format-standard","hentry","category-actualite","category-algerie"],"_links":{"self":[{"href":"https:\/\/linitiative.ca\/International\/wp-json\/wp\/v2\/posts\/45063","targetHints":{"allow":["GET"]}}],"collection":[{"href":"https:\/\/linitiative.ca\/International\/wp-json\/wp\/v2\/posts"}],"about":[{"href":"https:\/\/linitiative.ca\/International\/wp-json\/wp\/v2\/types\/post"}],"author":[{"embeddable":true,"href":"https:\/\/linitiative.ca\/International\/wp-json\/wp\/v2\/users\/1744"}],"replies":[{"embeddable":true,"href":"https:\/\/linitiative.ca\/International\/wp-json\/wp\/v2\/comments?post=45063"}],"version-history":[{"count":0,"href":"https:\/\/linitiative.ca\/International\/wp-json\/wp\/v2\/posts\/45063\/revisions"}],"wp:attachment":[{"href":"https:\/\/linitiative.ca\/International\/wp-json\/wp\/v2\/media?parent=45063"}],"wp:term":[{"taxonomy":"category","embeddable":true,"href":"https:\/\/linitiative.ca\/International\/wp-json\/wp\/v2\/categories?post=45063"},{"taxonomy":"post_tag","embeddable":true,"href":"https:\/\/linitiative.ca\/International\/wp-json\/wp\/v2\/tags?post=45063"}],"curies":[{"name":"wp","href":"https:\/\/api.w.org\/{rel}","templated":true}]}}