{"id":45064,"date":"2019-07-07T19:00:00","date_gmt":"2019-07-07T23:00:00","guid":{"rendered":"https:\/\/linitiative.ca\/International\/logements-promotionnels-aides-a-alger-les-souscriptions-ouvertes-des-le-lancement-des-projets\/"},"modified":"2019-07-07T19:00:00","modified_gmt":"2019-07-07T23:00:00","slug":"logements-promotionnels-aides-a-alger-les-souscriptions-ouvertes-des-le-lancement-des-projets","status":"publish","type":"post","link":"https:\/\/linitiative.ca\/International\/logements-promotionnels-aides-a-alger-les-souscriptions-ouvertes-des-le-lancement-des-projets\/","title":{"rendered":"Logements promotionnels aid\u00e9s \u00e0 Alger : Les souscriptions ouvertes  d\u00e8s le lancement des projets"},"content":{"rendered":"<p><strong>\u00abLes souscriptions \u00e0 la formule de logement promotionnel aid\u00e9 (LPA), seront ouvertes \u00e0 Alger, d\u00e8s le lancement du programme de r\u00e9alisation de 7.000 logements programm\u00e9s au titre de l\u2019exercice 2019.\u00bb<\/strong><\/p>\n<p>C\u2019est ce qu\u2019a annonc\u00e9\u00a0 le wali d\u2019Alger, Abdelkhalek Sayouda, en marge de la c\u00e9r\u00e9monie de c\u00e9l\u00e9bration de la f\u00eate de l\u2019Ind\u00e9pendance et de la Jeunesse, soulignant \u00e0 ce titre, que \u00ab\u00a0le probl\u00e8me du foncier, qui a retard\u00e9 jusqu\u2019ici le lancement des projets, ne se pose plus\u00bb.<br \/>\u00abLes assiettes fonci\u00e8res devant abriter les sites pour la r\u00e9alisation des 7.000 logements promotionnels aid\u00e9s (LPA) programm\u00e9s par le minist\u00e8re de l\u2019Habitat de l\u2019Urbanisme et de la Ville au niveau de la capitale ont \u00e9t\u00e9 d\u00e9gag\u00e9es \u00bb, a pr\u00e9cis\u00e9 le ministre.<br \/>Il affirmera \u00e9galement que la wilaya est en train de finaliser les derniers pr\u00e9paratifs en vue du lancement de ce programme au profit des Alg\u00e9rois. Interrog\u00e9 au sujet de la date du lancement des souscriptions pour le d\u00e9p\u00f4t de dossiers, le wali d\u2019Alger a fait savoir que cette op\u00e9ration sera ouverte d\u00e8s le lancement de la r\u00e9alisation des projets\u00a0 qui est pr\u00e9vu dans les jours \u00e0 venir apr\u00e8s la finalisation des proc\u00e9dures\u00a0 administratives\u00bb. Pour rappel, le minist\u00e8re de l\u2019Habitat, de l\u2019Urbanisme et de la Ville a programm\u00e9 la r\u00e9alisation de 50.000 nouveaux logements promotionnels aid\u00e9s (LPA) en 2019 au niveau national. Ces 50.000 nouveaux logements, destin\u00e9s \u00e0 la classe moyenne, ont \u00e9t\u00e9 enregistr\u00e9s durant l\u2019exercice 2019, outre 70.000 unit\u00e9s programm\u00e9es en 2018 soit un total de 120.000 logements LPA. Cette formule LPA, sous sa nouvelle forme, \u00e9tait venue, selon les responsables du secteur de l\u2019habitat, rem\u00e9dier aux lacunes enregistr\u00e9es au titre de l\u2019ancienne organisation et aux conflits r\u00e9sultant de son application sur terrain. Cette formule garantissait ainsi, les droits des souscripteurs dans toutes les circonstances, notamment \u00e0 travers la mobilisation des ressources financi\u00e8res par voie d\u2019un seul canal, \u00e0 savoir la Caisse Nationale du Logement (CNL).\u00a0 Le demandeur de logement LPA doit fournir un dossier comportant une copie l\u00e9galis\u00e9e de la pi\u00e8ce d\u2019identit\u00e9 ou du permis de conduire, un acte de naissance 12, une fiche familiale pour les mari\u00e9s ou\u00a0 individuelle pour les c\u00e9libataires, un certificat de r\u00e9sidence ou h\u00e9bergement (2 exemplaires), les trois derni\u00e8res fiches de paie ou relev\u00e9 des \u00e9moluments (2 exemplaires), une attestation de travail (2 exemplaires), un formulaire CNL l\u00e9galis\u00e9 en 2 exemplaires.<br \/>Pour les postulants non salari\u00e9s, commer\u00e7ants, artisans et professions lib\u00e9rales l\u2019attestation de travail et les fiches de paies sont remplac\u00e9es par une copie l\u00e9galis\u00e9e du registre de commerce, ainsi qu\u2019une copie de la d\u00e9claration fiscale (bilan fiscal).<br \/>Quant aux prix officiels de la formule LPA, ceux-ci ont \u00e9t\u00e9 fix\u00e9s en 2018, par d\u00e9cret ex\u00e9cutif conjoint au minist\u00e8re de l\u2019Habitat et celui des Finances. En effet les prix varient selon les r\u00e9gions du nord, les hauts- plateaux et sud du pays.<br \/>Ainsi, pour les communes relevant des wilayas d\u2019Alger, Annaba, Oran et Constantine, les prix de la nouvelle formule de logement son comme suit : pour un appartement F2, il faut compter 2.5 millions DA, le F3 3.5 millions DA, et le F4 4.4 millions DA.<br \/>Pour les communes des wilayas des hauts plateaux et chefs-lieux des wilayas du sud, le montant estim\u00e9 est de 2.2 millions DA pour un F2, 3.1 millions DA pour un F3 et un appartement F4 \u00e0 3.9 millions DA.<br \/>Pour les autres communes relevant des wilayas du Sud, le prix du logement individuel avec cour et terrasse accessibles, en clos et couvert, est de 2.6 millions DA. S\u2019agissant des autres communes du territoire national, le prix d\u2019un logement F2 est fix\u00e9 \u00e0 2.3 millions DA, un F3 \u00e0 3.3 millions DA et un F4 \u00e0 4.1 millions DA. En outre, les logements LPA qui seront construits, selon le minist\u00e8re de l\u2019Habitat, 50% sont des appartements F4, 30% des F3 et 20% des F2.<br \/>Il faut pr\u00e9ciser \u00e0 ce propos que l\u2019aide frontale octroy\u00e9e par l\u2019Etat pour l\u2019acquisition d\u2019un logement promotionnel aid\u00e9 est de 700 000 Da si le revenu est sup\u00e9rieur \u00e0 une fois le salaire national minimum garanti et inf\u00e9rieur ou \u00e9gal \u00e0 quatre\u00a0 fois le salaire national minimum garanti, 400 000 Da lorsque le revenu est sup\u00e9rieur \u00e0 quatre fois le salaire national minimum garanti et inf\u00e9rieur ou \u00e9gal \u00e0 six fois le salaire national minimum garanti.<br \/>L\u2019aide frontale peut \u00eatre \u00e9galement cumul\u00e9e avec un cr\u00e9dit bancaire dont le taux d\u2019int\u00e9r\u00eat est bonifi\u00e9 par le Tr\u00e9sor public. Le taux d\u00e9biteur est fix\u00e9 par la r\u00e9glementation \u00e0 1% pour cette cat\u00e9gorie de postulants.<br \/><strong>Salima Ettouahria<\/strong><\/p>\n<p>Auteur: elmoudjahid<br \/>\n<a href=\"http:\/\/www.elmoudjahid.com\/fr\/actualites\/139036\">Cliquez ici pour lire l&rsquo;article depuis sa source.<\/a><\/p>\n","protected":false},"excerpt":{"rendered":"<p>\u00abLes souscriptions \u00e0 la formule de logement promotionnel aid\u00e9 (LPA), seront ouvertes \u00e0 Alger, d\u00e8s le lancement du programme de r\u00e9alisation de 7.000 logements programm\u00e9s au titre de l\u2019exercice 2019.\u00bb C\u2019est ce qu\u2019a annonc\u00e9\u00a0 le wali d\u2019Alger, Abdelkhalek Sayouda, en marge de la c\u00e9r\u00e9monie de c\u00e9l\u00e9bration de la f\u00eate de l\u2019Ind\u00e9pendance et de la Jeunesse, [&hellip;]<\/p>\n","protected":false},"author":1744,"featured_media":0,"comment_status":"closed","ping_status":"closed","sticky":false,"template":"","format":"standard","meta":{"fifu_image_url":"","fifu_image_alt":"","footnotes":""},"categories":[73,53],"tags":[],"class_list":["post-45064","post","type-post","status-publish","format-standard","hentry","category-actualite","category-algerie"],"_links":{"self":[{"href":"https:\/\/linitiative.ca\/International\/wp-json\/wp\/v2\/posts\/45064","targetHints":{"allow":["GET"]}}],"collection":[{"href":"https:\/\/linitiative.ca\/International\/wp-json\/wp\/v2\/posts"}],"about":[{"href":"https:\/\/linitiative.ca\/International\/wp-json\/wp\/v2\/types\/post"}],"author":[{"embeddable":true,"href":"https:\/\/linitiative.ca\/International\/wp-json\/wp\/v2\/users\/1744"}],"replies":[{"embeddable":true,"href":"https:\/\/linitiative.ca\/International\/wp-json\/wp\/v2\/comments?post=45064"}],"version-history":[{"count":0,"href":"https:\/\/linitiative.ca\/International\/wp-json\/wp\/v2\/posts\/45064\/revisions"}],"wp:attachment":[{"href":"https:\/\/linitiative.ca\/International\/wp-json\/wp\/v2\/media?parent=45064"}],"wp:term":[{"taxonomy":"category","embeddable":true,"href":"https:\/\/linitiative.ca\/International\/wp-json\/wp\/v2\/categories?post=45064"},{"taxonomy":"post_tag","embeddable":true,"href":"https:\/\/linitiative.ca\/International\/wp-json\/wp\/v2\/tags?post=45064"}],"curies":[{"name":"wp","href":"https:\/\/api.w.org\/{rel}","templated":true}]}}