{"id":45066,"date":"2019-07-07T19:00:00","date_gmt":"2019-07-07T23:00:00","guid":{"rendered":"https:\/\/linitiative.ca\/International\/attribution-de-logements-imperatif-du-respect-des-delais\/"},"modified":"2019-07-07T19:00:00","modified_gmt":"2019-07-07T23:00:00","slug":"attribution-de-logements-imperatif-du-respect-des-delais","status":"publish","type":"post","link":"https:\/\/linitiative.ca\/International\/attribution-de-logements-imperatif-du-respect-des-delais\/","title":{"rendered":"Attribution de logements  : Imp\u00e9ratif du respect des d\u00e9lais"},"content":{"rendered":"<p>Le ministre de l\u2019Habitat, de l\u2019Urbanisme et de la Ville, Kamel Beldjoud, a insist\u00e9 samedi \u00e0 Tlemcen sur la n\u00e9cessit\u00e9 de conjuguer les efforts des diff\u00e9rents secteurs pour achever les diff\u00e9rents programmes d\u2019habitat et leur distribution dans les d\u00e9lais impartis. Au cours d\u2019une s\u00e9ance de travail, tenue avec des cadres locaux relevant de son secteur, le ministre a rappel\u00e9 que l\u2019Etat accorde une grande importance au secteur de l\u2019Habitat et que depuis des ann\u00e9es des budgets cons\u00e9quents sont mobilis\u00e9s pour concr\u00e9tiser les diff\u00e9rents programmes \u00e0 travers toutes les wilayas du pays. \u00abIl est n\u00e9cessaire d\u2019appliquer avec rigueur les clauses du cahier de charges sign\u00e9 entre l\u2019entreprise et le maitre du projet afin d\u2019\u00e9viter tout retard dans la r\u00e9alisation des projets d\u2019habitat et de respecter les dates de livraison dans les d\u00e9lais initiaux\u00bb, a soulign\u00e9 le ministre. Il a \u00e9galement mis l\u2019accent sur la n\u00e9cessit\u00e9 de faire preuve d\u2019\u00e9quit\u00e9 dans l\u2019\u00e9laboration des listes des b\u00e9n\u00e9ficiaires, surtout celles des formules du logement public locatif et des aides \u00e0 l\u2019habitat rural. M. Beldjoud a rappel\u00e9 que le programme de r\u00e9alisation de logements octroy\u00e9 \u00e0 la wilaya de Tlemcen depuis des ann\u00e9es est de l\u2019ordre de plus de 52.000 unit\u00e9s tous programmes confondus, dont 38.000 ont \u00e9t\u00e9 achev\u00e9es et le reste est en cours de r\u00e9alisation ou non encore lanc\u00e9. Par ailleurs, le ministre a annonc\u00e9 qu\u2019un quota de 500 logements de type LPP a \u00e9t\u00e9 octroy\u00e9 \u00e0 la wilaya de Tlemcen qui a d\u00e9j\u00e0 b\u00e9n\u00e9fici\u00e9 de 1.000 autres mais dont les travaux n\u2019ont pas commenc\u00e9s. \u00abL\u2019Etat a programm\u00e9 cette ann\u00e9e 50.000 logements de type LPA. Il faut donner la priorit\u00e9 \u00e0 cette formule, et nous lui donnerons \u00e0 l\u2019avenir une grande importance\u00bb, a-t-il ajout\u00e9. Dans la wilaya de Tlemcen, il est pr\u00e9vu l\u2019attribution, avant la fin de l\u2019ann\u00e9e en cours, de 2.500 logements LPA dont 600 \u00e0 Ha\u00ef Boudjlida (chef-lieu de wilaya), 700 \u00e0 Maghnia, 800 \u00e0 Mansourah et 400 \u00e0 Remchi, a-t-on signal\u00e9.<\/p>\n<p>Auteur: elmoudjahid<br \/>\n<a href=\"http:\/\/www.elmoudjahid.com\/fr\/actualites\/139038\">Cliquez ici pour lire l&rsquo;article depuis sa source.<\/a><\/p>\n","protected":false},"excerpt":{"rendered":"<p>Le ministre de l\u2019Habitat, de l\u2019Urbanisme et de la Ville, Kamel Beldjoud, a insist\u00e9 samedi \u00e0 Tlemcen sur la n\u00e9cessit\u00e9 de conjuguer les efforts des diff\u00e9rents secteurs pour achever les diff\u00e9rents programmes d\u2019habitat et leur distribution dans les d\u00e9lais impartis. Au cours d\u2019une s\u00e9ance de travail, tenue avec des cadres locaux relevant de son secteur, [&hellip;]<\/p>\n","protected":false},"author":1744,"featured_media":0,"comment_status":"closed","ping_status":"closed","sticky":false,"template":"","format":"standard","meta":{"fifu_image_url":"","fifu_image_alt":"","footnotes":""},"categories":[73,53],"tags":[],"class_list":["post-45066","post","type-post","status-publish","format-standard","hentry","category-actualite","category-algerie"],"_links":{"self":[{"href":"https:\/\/linitiative.ca\/International\/wp-json\/wp\/v2\/posts\/45066","targetHints":{"allow":["GET"]}}],"collection":[{"href":"https:\/\/linitiative.ca\/International\/wp-json\/wp\/v2\/posts"}],"about":[{"href":"https:\/\/linitiative.ca\/International\/wp-json\/wp\/v2\/types\/post"}],"author":[{"embeddable":true,"href":"https:\/\/linitiative.ca\/International\/wp-json\/wp\/v2\/users\/1744"}],"replies":[{"embeddable":true,"href":"https:\/\/linitiative.ca\/International\/wp-json\/wp\/v2\/comments?post=45066"}],"version-history":[{"count":0,"href":"https:\/\/linitiative.ca\/International\/wp-json\/wp\/v2\/posts\/45066\/revisions"}],"wp:attachment":[{"href":"https:\/\/linitiative.ca\/International\/wp-json\/wp\/v2\/media?parent=45066"}],"wp:term":[{"taxonomy":"category","embeddable":true,"href":"https:\/\/linitiative.ca\/International\/wp-json\/wp\/v2\/categories?post=45066"},{"taxonomy":"post_tag","embeddable":true,"href":"https:\/\/linitiative.ca\/International\/wp-json\/wp\/v2\/tags?post=45066"}],"curies":[{"name":"wp","href":"https:\/\/api.w.org\/{rel}","templated":true}]}}