{"id":45068,"date":"2019-07-08T05:54:10","date_gmt":"2019-07-08T09:54:10","guid":{"rendered":"https:\/\/linitiative.ca\/International\/91574-football-can-2019-huitiemes-de-finale-l-algerie-domine-la-guinee-3-0-et-va-en-quarts\/"},"modified":"2019-07-08T05:54:10","modified_gmt":"2019-07-08T09:54:10","slug":"91574-football-can-2019-huitiemes-de-finale-l-algerie-domine-la-guinee-3-0-et-va-en-quarts","status":"publish","type":"post","link":"https:\/\/linitiative.ca\/International\/91574-football-can-2019-huitiemes-de-finale-l-algerie-domine-la-guinee-3-0-et-va-en-quarts\/","title":{"rendered":"Football \/ CAN 2019 &#8211; Huiti\u00e8mes de finale: l&rsquo;Alg\u00e9rie domine la Guin\u00e9e 3-0 et va en quarts"},"content":{"rendered":"<div>\n<div class=\"K2FeedImage\"><img decoding=\"async\" src=\"http:\/\/www.aps.dz\/media\/k2\/items\/cache\/471423ff58264a261c6013e5f834ad2f_S.jpg\" alt=\"Football \/ CAN 2019 - Huiti\u00e8mes de finale: l'Alg\u00e9rie domine la Guin\u00e9e 3-0 et va en quarts\"><\/div>\n<div class=\"K2FeedIntroText\">\n<p>LE CAIRE- La s\u00e9lection alg\u00e9rienne de football s&rsquo;est qualifi\u00e9e dimanche soir pour les quarts de finale de la Coupe d&rsquo;Afrique des nations (CAN-2019), qui se d\u00e9roule du 21 juin au 19 juillet en Egypte, apr\u00e8s sa victoire contre la Guin\u00e9e (3-0, mi-temps 1-0), en huiti\u00e8me de finale disput\u00e9 au stade du 30-Juin (Le Caire).<\/p>\n<\/div>\n<div class=\"K2FeedFullText\">\n<blockquote>\n<p><em><strong>C&rsquo;est le meneur de jeu de l&rsquo;Esp\u00e9rance de Tunis, Youcef Bela\u00efli qui a ouvert le score d&rsquo;un tir bien plac\u00e9 \u00e0 la 24e, avant que le virevoltant ailier gauche de Manchester City Ryad Mahrez ne double la mise \u00e0 la 57e, et c&rsquo;est le fra\u00eechement incorpor\u00e9, le Napolitain\u00a0 Adam Ounas qui a cl\u00f4tur\u00e9 le festival \u00e0 la 83e.<\/strong><\/em><\/p>\n<\/blockquote>\n<p>L&rsquo;Alg\u00e9rie sera fix\u00e9e sur son adversaire en quarts de finale lundi soir, apr\u00e8s le d\u00e9roulement du match Mali &#8211; C\u00f4te d&rsquo;Ivoire, pr\u00e9vu \u00e0 partir de 16h00 (heure locale) au stade de Suez.<\/p>\n<p>Le quart de finale est programm\u00e9 le jeudi 11 juillet, \u00e0 partir de 16h00 (heure locale), dans ce m\u00eame stade de Suez.<\/p>\n<\/div>\n<p><img loading=\"lazy\" decoding=\"async\" src=\"http:\/\/feeds.feedburner.com\/~r\/aps-sport\/~4\/k5lI0AqO-x0\" height=\"1\" width=\"1\" alt=\"\"><\/div>\n<p>Auteur:<br \/>\n<a href=\"http:\/\/www.aps.dz\/sport\/91574-football-can-2019-huitiemes-de-finale-l-algerie-domine-la-guinee-3-0-et-va-en-quarts?utm_source=feedburner&#038;utm_medium=feed&#038;utm_campaign=Feed%3A+aps-sport+%28APS+-+SPORT%29\">Cliquez ici pour lire l&rsquo;article depuis sa source.<\/a><\/p>\n","protected":false},"excerpt":{"rendered":"<p>LE CAIRE- La s\u00e9lection alg\u00e9rienne de football s&rsquo;est qualifi\u00e9e dimanche soir pour les quarts de finale de la Coupe d&rsquo;Afrique des nations (CAN-2019), qui se d\u00e9roule du 21 juin au 19 juillet en Egypte, apr\u00e8s sa victoire contre la Guin\u00e9e (3-0, mi-temps 1-0), en huiti\u00e8me de finale disput\u00e9 au stade du 30-Juin (Le Caire). C&rsquo;est [&hellip;]<\/p>\n","protected":false},"author":1790,"featured_media":45069,"comment_status":"closed","ping_status":"closed","sticky":false,"template":"","format":"standard","meta":{"fifu_image_url":"","fifu_image_alt":"","footnotes":""},"categories":[53,75],"tags":[],"class_list":["post-45068","post","type-post","status-publish","format-standard","has-post-thumbnail","hentry","category-algerie","category-sport"],"_links":{"self":[{"href":"https:\/\/linitiative.ca\/International\/wp-json\/wp\/v2\/posts\/45068","targetHints":{"allow":["GET"]}}],"collection":[{"href":"https:\/\/linitiative.ca\/International\/wp-json\/wp\/v2\/posts"}],"about":[{"href":"https:\/\/linitiative.ca\/International\/wp-json\/wp\/v2\/types\/post"}],"author":[{"embeddable":true,"href":"https:\/\/linitiative.ca\/International\/wp-json\/wp\/v2\/users\/1790"}],"replies":[{"embeddable":true,"href":"https:\/\/linitiative.ca\/International\/wp-json\/wp\/v2\/comments?post=45068"}],"version-history":[{"count":0,"href":"https:\/\/linitiative.ca\/International\/wp-json\/wp\/v2\/posts\/45068\/revisions"}],"wp:featuredmedia":[{"embeddable":true,"href":"https:\/\/linitiative.ca\/International\/wp-json\/"}],"wp:attachment":[{"href":"https:\/\/linitiative.ca\/International\/wp-json\/wp\/v2\/media?parent=45068"}],"wp:term":[{"taxonomy":"category","embeddable":true,"href":"https:\/\/linitiative.ca\/International\/wp-json\/wp\/v2\/categories?post=45068"},{"taxonomy":"post_tag","embeddable":true,"href":"https:\/\/linitiative.ca\/International\/wp-json\/wp\/v2\/tags?post=45068"}],"curies":[{"name":"wp","href":"https:\/\/api.w.org\/{rel}","templated":true}]}}