{"id":45072,"date":"2019-07-08T06:45:30","date_gmt":"2019-07-08T10:45:30","guid":{"rendered":"https:\/\/linitiative.ca\/International\/91580-l-ancien-president-de-l-es-setif-hassan-hamar-place-en-detention-provisoire\/"},"modified":"2019-07-08T06:45:30","modified_gmt":"2019-07-08T10:45:30","slug":"91580-l-ancien-president-de-l-es-setif-hassan-hamar-place-en-detention-provisoire","status":"publish","type":"post","link":"https:\/\/linitiative.ca\/International\/91580-l-ancien-president-de-l-es-setif-hassan-hamar-place-en-detention-provisoire\/","title":{"rendered":"L\u2019ancien pr\u00e9sident de l\u2019ES S\u00e9tif, Hassan Hamar plac\u00e9 en d\u00e9tention provisoire"},"content":{"rendered":"<div>\n<div class=\"K2FeedImage\"><img decoding=\"async\" src=\"http:\/\/www.aps.dz\/media\/k2\/items\/cache\/d720321d94d95e6e4e2cdcc6b8e5b9c7_S.jpg\" alt=\"L\u2019ancien pr\u00e9sident de l\u2019ES S\u00e9tif, Hassan Hamar plac\u00e9 en d\u00e9tention provisoire\"><\/div>\n<div class=\"K2FeedIntroText\">\n<p><strong>SETIF &#8211; L\u2019ancien pr\u00e9sident du club de football ES S\u00e9tif, Hassan Hamar a \u00e9t\u00e9 plac\u00e9 dimanche soir en d\u00e9tention provisoire dans une affaire de corruption et fraude sur le foncier de la coop\u00e9rative immobili\u00e8re Oum El Hayat, a-t-on appris aupr\u00e8s d\u2019une source du tribunal de S\u00e9tif.<\/strong><\/p>\n<\/div>\n<div class=\"K2FeedFullText\">\n<p>La m\u00eame source a pr\u00e9cis\u00e9 que le secr\u00e9taire g\u00e9n\u00e9ral de la m\u00eame coop\u00e9rative immobili\u00e8re a \u00e9t\u00e9 plac\u00e9 \u00e9galement en d\u00e9tention provisoire alors que deux autres inculp\u00e9s dans la m\u00eame affaire ont \u00e9t\u00e9 plac\u00e9s sous contr\u00f4le judiciaire.<\/p>\n<p>L\u2019ancien pr\u00e9sident de l\u2019ES S\u00e9tif, arr\u00eat\u00e9 samedi soir par les services de s\u00fbret\u00e9 de la wilaya est poursuivie dans l\u2019affaire de la coop\u00e9rative immobili\u00e8re Oum El Hayat, cr\u00e9\u00e9e en 1999, qui avait acquis deux terrains divis\u00e9s en 84 lots de 400 m2 chacun et 64 lots de 200 m2 chacun et dont la superficie des lots a \u00e9t\u00e9 par la suite r\u00e9duite \u00e0 150 m2 et le nombre des b\u00e9n\u00e9ficiaires de la coop\u00e9rative a augment\u00e9 \u00e0 plus de 300, selon les d\u00e9clarations des personnes-victimes dans cette affaire.<\/p>\n<p>M. Hamar avait tent\u00e9 en 2014 \u2018\u2018de se soustraire de toute responsabilit\u00e9 en remettant la pr\u00e9sidence de la coop\u00e9rative \u00e0 une autre personne\u2019\u2019, selon la m\u00eame source.<\/p>\n<p>Pour rappel, la chambre d\u2019accusation de la cour de justice de S\u00e9tif a confirm\u00e9 le\u00a0 12 juin pass\u00e9 par contumace la d\u00e9cision du tribunal de S\u00e9tif condamnant en novembre 2017 Hassan Hamar \u00e0 5 ans de prison ferme pour \u00ab\u00a0escroquerie\u00a0\u00bb et \u00ab\u00a0dilapidation de deniers d\u2019un \u00e9tablissement priv\u00e9\u00a0\u00bb.<\/p>\n<\/div>\n<p><img loading=\"lazy\" decoding=\"async\" src=\"http:\/\/feeds.feedburner.com\/~r\/aps-sport\/~4\/1KCz7qRpNaE\" height=\"1\" width=\"1\" alt=\"\"><\/div>\n<p>Auteur:<br \/>\n<a href=\"http:\/\/www.aps.dz\/sport\/91580-l-ancien-president-de-l-es-setif-hassan-hamar-place-en-detention-provisoire?utm_source=feedburner&#038;utm_medium=feed&#038;utm_campaign=Feed%3A+aps-sport+%28APS+-+SPORT%29\">Cliquez ici pour lire l&rsquo;article depuis sa source.<\/a><\/p>\n","protected":false},"excerpt":{"rendered":"<p>SETIF &#8211; L\u2019ancien pr\u00e9sident du club de football ES S\u00e9tif, Hassan Hamar a \u00e9t\u00e9 plac\u00e9 dimanche soir en d\u00e9tention provisoire dans une affaire de corruption et fraude sur le foncier de la coop\u00e9rative immobili\u00e8re Oum El Hayat, a-t-on appris aupr\u00e8s d\u2019une source du tribunal de S\u00e9tif. La m\u00eame source a pr\u00e9cis\u00e9 que le secr\u00e9taire g\u00e9n\u00e9ral [&hellip;]<\/p>\n","protected":false},"author":1790,"featured_media":45073,"comment_status":"closed","ping_status":"closed","sticky":false,"template":"","format":"standard","meta":{"fifu_image_url":"","fifu_image_alt":"","footnotes":""},"categories":[53,75],"tags":[],"class_list":["post-45072","post","type-post","status-publish","format-standard","has-post-thumbnail","hentry","category-algerie","category-sport"],"_links":{"self":[{"href":"https:\/\/linitiative.ca\/International\/wp-json\/wp\/v2\/posts\/45072","targetHints":{"allow":["GET"]}}],"collection":[{"href":"https:\/\/linitiative.ca\/International\/wp-json\/wp\/v2\/posts"}],"about":[{"href":"https:\/\/linitiative.ca\/International\/wp-json\/wp\/v2\/types\/post"}],"author":[{"embeddable":true,"href":"https:\/\/linitiative.ca\/International\/wp-json\/wp\/v2\/users\/1790"}],"replies":[{"embeddable":true,"href":"https:\/\/linitiative.ca\/International\/wp-json\/wp\/v2\/comments?post=45072"}],"version-history":[{"count":0,"href":"https:\/\/linitiative.ca\/International\/wp-json\/wp\/v2\/posts\/45072\/revisions"}],"wp:featuredmedia":[{"embeddable":true,"href":"https:\/\/linitiative.ca\/International\/wp-json\/"}],"wp:attachment":[{"href":"https:\/\/linitiative.ca\/International\/wp-json\/wp\/v2\/media?parent=45072"}],"wp:term":[{"taxonomy":"category","embeddable":true,"href":"https:\/\/linitiative.ca\/International\/wp-json\/wp\/v2\/categories?post=45072"},{"taxonomy":"post_tag","embeddable":true,"href":"https:\/\/linitiative.ca\/International\/wp-json\/wp\/v2\/tags?post=45072"}],"curies":[{"name":"wp","href":"https:\/\/api.w.org\/{rel}","templated":true}]}}