{"id":45077,"date":"2019-07-08T07:45:24","date_gmt":"2019-07-08T11:45:24","guid":{"rendered":"https:\/\/linitiative.ca\/International\/91587-can-2019-dans-de-nombreuses-villes-francaises-les-algeriens-fetent-la-qualification-des-fennecs\/"},"modified":"2019-07-08T07:45:24","modified_gmt":"2019-07-08T11:45:24","slug":"91587-can-2019-dans-de-nombreuses-villes-francaises-les-algeriens-fetent-la-qualification-des-fennecs","status":"publish","type":"post","link":"https:\/\/linitiative.ca\/International\/91587-can-2019-dans-de-nombreuses-villes-francaises-les-algeriens-fetent-la-qualification-des-fennecs\/","title":{"rendered":"CAN-2019: dans de nombreuses villes fran\u00e7aises, les Alg\u00e9riens f\u00eatent la qualification des \u00ab\u00a0Fennecs\u00a0\u00bb"},"content":{"rendered":"<div>\n<div class=\"K2FeedIntroText\">\n<p><strong>PARIS &#8211; Plusieurs villes de France ont connu dimanche soir une ambiance de liesse des Alg\u00e9riens qui ont investi, d\u00e8s le coup de sifflet final de la rencontre contre la Guin\u00e9e (3-0) en CAN-2019, les places et les rues pour les embellir avec les couleurs vert, blanc et rouge.<\/strong><\/p>\n<\/div>\n<div class=\"K2FeedFullText\">\n<p>A Paris, malgr\u00e9 un dispositif s\u00e9curitaire d\u00e9j\u00e0 en place \u00e0 l&rsquo;avenue des Champs-Elys\u00e9es en pr\u00e9vision des sc\u00e8nes de liesse, nombreux \u00e9taient les fans des \u00ab\u00a0Fennecs\u00a0\u00bb qui ont occup\u00e9 les lieux pour exprimer leur joie et satisfaction du parcours des \u00ab\u00a0Verts\u00a0\u00bb en terre \u00e9gyptienne.<\/p>\n<p>L\u00e0 o\u00f9 les \u00ab\u00a0gilets jaunes\u00a0\u00bb avaient \u00e9chou\u00e9, les membres de la communaut\u00e9 nationale ont occup\u00e9 le rond-point Etoile (arc de Triomphe) en lan\u00e7ant m\u00eame un feu d&rsquo;artifice, ce qui a donn\u00e9 lieu \u00e0 des \u00e9chauffour\u00e9es avec les services de s\u00e9curit\u00e9 lesquels ont lanc\u00e9 des bombes lacrymog\u00e8nes pour les disperser.<\/p>\n<p>La capitale fran\u00e7aise n&rsquo;\u00e9tait pas la seule ville o\u00f9 l&rsquo;euphorie alg\u00e9rienne a \u00e9t\u00e9 exprim\u00e9e fort et avec du bruit pour l&rsquo;exploit de la s\u00e9lection nationale, qualifi\u00e9e aux quarts de finale de la Coupe d&rsquo;Afrique des nations qui se d\u00e9roule en Egypte.<\/p>\n<p>La deuxi\u00e8me ville importante de France o\u00f9 il y a une forte communaut\u00e9 alg\u00e9rienne, Marseille, n&rsquo;a pas ferm\u00e9 les yeux jusqu&rsquo;\u00e0 une heure tr\u00e8s tardive dans la nuit de dimanche \u00e0 lundi.<\/p>\n<p>La ville phoc\u00e9enne a v\u00e9cu une f\u00eate alg\u00e9rienne riche en chants \u00e0 la gloire de la patrie, entonn\u00e9s en choeur par les inconditionnels des \u00ab\u00a0Verts\u00a0\u00bb qui ont vu en la personne du s\u00e9lectionneur Djamel Belmadi, ancien joueur de&#8230; l&rsquo;Olympique Marseille, le \u00ab\u00a0messie\u00a0\u00bb qui a su r\u00e9concilier l&rsquo;\u00e9quipe nationale de football avec son public, d\u00e9\u00e7u par les r\u00e9sultats des ex-coaches.<\/p>\n<p>Plusieurs vid\u00e9os mises en ligne sur les r\u00e9seaux sociaux montrent comment les Alg\u00e9riens, brandissant les drapeaux nationaux, ont investi la Cannebi\u00e8re jusqu&rsquo;au Vieux port.<\/p>\n<p>L&rsquo;all\u00e9gresse des Alg\u00e9riens a \u00e9t\u00e9 \u00e9galement exprim\u00e9e au nord de la France, \u00e0 Lille notamment, o\u00f9 chants, klaxons et joie \u00e9taient au rendez-vous.<\/p>\n<p>Les m\u00eames sc\u00e8nes se sont d\u00e9roul\u00e9es \u00e0 Lyon o\u00f9 le centre-ville a \u00e9t\u00e9 bloqu\u00e9 par les supporters alg\u00e9riens. Selon les m\u00e9dias locaux, environ 300 personnes ont envahi la place du Capitole, sous l&rsquo;oeil vigilant des services de s\u00e9curit\u00e9. On d\u00e9plore, lors de cette soir\u00e9e agit\u00e9e, deux bless\u00e9s et 12 voitures incendi\u00e9es, ajoute-t-on de m\u00eame source.<\/p>\n<p>L&rsquo;autre ville m\u00e9diterran\u00e9enne fran\u00e7aise, Nice, a accueilli sa part de joie des Alg\u00e9riens qui ontexprim\u00e9 leur all\u00e9gresse en faisant r\u00e9sonner klaxons et \u00ab\u00a0One, two, three, viva l&rsquo;Alg\u00e9rie\u00a0\u00bb, mais aucun incident n&rsquo;a \u00e9t\u00e9 recens\u00e9.<\/p>\n<\/div>\n<p><img loading=\"lazy\" decoding=\"async\" src=\"http:\/\/feeds.feedburner.com\/~r\/aps-sport\/~4\/LFtBxPA1fFk\" height=\"1\" width=\"1\" alt=\"\"><\/div>\n<p>Auteur:<br \/>\n<a href=\"http:\/\/www.aps.dz\/sport\/91587-can-2019-dans-de-nombreuses-villes-francaises-les-algeriens-fetent-la-qualification-des-fennecs?utm_source=feedburner&#038;utm_medium=feed&#038;utm_campaign=Feed%3A+aps-sport+%28APS+-+SPORT%29\">Cliquez ici pour lire l&rsquo;article depuis sa source.<\/a><\/p>\n","protected":false},"excerpt":{"rendered":"<p>PARIS &#8211; Plusieurs villes de France ont connu dimanche soir une ambiance de liesse des Alg\u00e9riens qui ont investi, d\u00e8s le coup de sifflet final de la rencontre contre la Guin\u00e9e (3-0) en CAN-2019, les places et les rues pour les embellir avec les couleurs vert, blanc et rouge. A Paris, malgr\u00e9 un dispositif s\u00e9curitaire [&hellip;]<\/p>\n","protected":false},"author":1790,"featured_media":0,"comment_status":"closed","ping_status":"closed","sticky":false,"template":"","format":"standard","meta":{"fifu_image_url":"","fifu_image_alt":"","footnotes":""},"categories":[53,75],"tags":[],"class_list":["post-45077","post","type-post","status-publish","format-standard","hentry","category-algerie","category-sport"],"_links":{"self":[{"href":"https:\/\/linitiative.ca\/International\/wp-json\/wp\/v2\/posts\/45077","targetHints":{"allow":["GET"]}}],"collection":[{"href":"https:\/\/linitiative.ca\/International\/wp-json\/wp\/v2\/posts"}],"about":[{"href":"https:\/\/linitiative.ca\/International\/wp-json\/wp\/v2\/types\/post"}],"author":[{"embeddable":true,"href":"https:\/\/linitiative.ca\/International\/wp-json\/wp\/v2\/users\/1790"}],"replies":[{"embeddable":true,"href":"https:\/\/linitiative.ca\/International\/wp-json\/wp\/v2\/comments?post=45077"}],"version-history":[{"count":0,"href":"https:\/\/linitiative.ca\/International\/wp-json\/wp\/v2\/posts\/45077\/revisions"}],"wp:attachment":[{"href":"https:\/\/linitiative.ca\/International\/wp-json\/wp\/v2\/media?parent=45077"}],"wp:term":[{"taxonomy":"category","embeddable":true,"href":"https:\/\/linitiative.ca\/International\/wp-json\/wp\/v2\/categories?post=45077"},{"taxonomy":"post_tag","embeddable":true,"href":"https:\/\/linitiative.ca\/International\/wp-json\/wp\/v2\/tags?post=45077"}],"curies":[{"name":"wp","href":"https:\/\/api.w.org\/{rel}","templated":true}]}}