{"id":45084,"date":"2019-07-08T12:54:00","date_gmt":"2019-07-08T16:54:00","guid":{"rendered":"https:\/\/linitiative.ca\/International\/chlef-les-dockers-paralysent-le-port-de-tenes\/"},"modified":"2019-07-08T12:54:00","modified_gmt":"2019-07-08T16:54:00","slug":"chlef-les-dockers-paralysent-le-port-de-tenes","status":"publish","type":"post","link":"https:\/\/linitiative.ca\/International\/chlef-les-dockers-paralysent-le-port-de-tenes\/","title":{"rendered":"CHLEF : Les dockers paralysent le port de T\u00e9n\u00e8s"},"content":{"rendered":"<p><br id=\"sep_para_1\" class=\"sep_para access\"\/><\/p>\n<div id=\"para_1\" class=\"para_32056417 resize\">\n<div class=\"texte access firstletter\">Voil\u00e0 presque une dizaine de jours que les activit\u00e9s de manutention au port commercial de T\u00e9n\u00e8s sont \u00e0 l&rsquo;arr\u00eat \u00e0 cause d&rsquo;une gr\u00e8ve observ\u00e9e par pr\u00e8s de 200 dockers. A\u00a0 ce jour, les bateaux en rade ont \u00e9t\u00e9 contraints de quitter le port pour une autre destination. Quant aux gr\u00e9vistes, ils\u00a0 ont expos\u00e9 toute une s\u00e9rie de revendications parmi lesquelles la revalorisation du salaire de base qui selon la convention collective nationale varierait entre 10 et 26 % suivant l&rsquo;importance du trafic de chaque port, le paiement du rappel de l&rsquo;ann\u00e9e 2018 pour ce qui est du salaire unique, de la prime de transport, ainsi que de la PRI et PRC non per\u00e7ues. Ils soulignent \u00e9galement que certains\u00a0 de leurs camarades\u00a0 sont toujours consid\u00e9r\u00e9s comme contractuels depuis plus de 16 ans et ne cessent de\u00a0 demander \u00e0 \u00eatre permanis\u00e9s, d&rsquo;autres, par contre qui exercent au niveau de l&rsquo;administration du port se sont vus r\u00e9gularis\u00e9s dans leurs nouvelles fonctions en un laps de temps tr\u00e8s court, \u00ab \u00e0 peine quelques mois \u00bb.\u00a0 Ces derniers\u00a0 soul\u00e8vent \u00e9galement de la location par l&rsquo;administration du port d&rsquo;un hangar servant de zone extra-portuaire mais qui n&rsquo;a jamais servi. Le loyer serait de 300 millions de centimes par mois. Pour ces raisons, les gr\u00e9vistes souhaiteraient que le wali de Chlef diligente une commission d&rsquo;enqu\u00eate pour faire toute la lumi\u00e8re sur ce qui est qualifi\u00e9 de \u00abd\u00e9passements\u00bb au port de T\u00e9n\u00e8s.\u00a0\u00a0\u00a0\u00a0\u00a0\u00a0\u00a0\u00a0\u00a0\u00a0\u00a0\u00a0\u00a0\u00a0<\/div>\n<\/div>\n<p>Auteur: Smain<br \/>\n<a href=\"https:\/\/www.reflexiondz.net\/CHLEF-Les-dockers-paralysent-le-port-de-Tenes_a56464.html\">Cliquez ici pour lire l&rsquo;article depuis sa source.<\/a><\/p>\n","protected":false},"excerpt":{"rendered":"<p>Voil\u00e0 presque une dizaine de jours que les activit\u00e9s de manutention au port commercial de T\u00e9n\u00e8s sont \u00e0 l&rsquo;arr\u00eat \u00e0 cause d&rsquo;une gr\u00e8ve observ\u00e9e par pr\u00e8s de 200 dockers. A\u00a0 ce jour, les bateaux en rade ont \u00e9t\u00e9 contraints de quitter le port pour une autre destination. Quant aux gr\u00e9vistes, ils\u00a0 ont expos\u00e9 toute une [&hellip;]<\/p>\n","protected":false},"author":1740,"featured_media":0,"comment_status":"closed","ping_status":"closed","sticky":false,"template":"","format":"standard","meta":{"fifu_image_url":"","fifu_image_alt":"","footnotes":""},"categories":[53,76],"tags":[],"class_list":["post-45084","post","type-post","status-publish","format-standard","hentry","category-algerie","category-regions"],"_links":{"self":[{"href":"https:\/\/linitiative.ca\/International\/wp-json\/wp\/v2\/posts\/45084","targetHints":{"allow":["GET"]}}],"collection":[{"href":"https:\/\/linitiative.ca\/International\/wp-json\/wp\/v2\/posts"}],"about":[{"href":"https:\/\/linitiative.ca\/International\/wp-json\/wp\/v2\/types\/post"}],"author":[{"embeddable":true,"href":"https:\/\/linitiative.ca\/International\/wp-json\/wp\/v2\/users\/1740"}],"replies":[{"embeddable":true,"href":"https:\/\/linitiative.ca\/International\/wp-json\/wp\/v2\/comments?post=45084"}],"version-history":[{"count":0,"href":"https:\/\/linitiative.ca\/International\/wp-json\/wp\/v2\/posts\/45084\/revisions"}],"wp:attachment":[{"href":"https:\/\/linitiative.ca\/International\/wp-json\/wp\/v2\/media?parent=45084"}],"wp:term":[{"taxonomy":"category","embeddable":true,"href":"https:\/\/linitiative.ca\/International\/wp-json\/wp\/v2\/categories?post=45084"},{"taxonomy":"post_tag","embeddable":true,"href":"https:\/\/linitiative.ca\/International\/wp-json\/wp\/v2\/tags?post=45084"}],"curies":[{"name":"wp","href":"https:\/\/api.w.org\/{rel}","templated":true}]}}