{"id":45086,"date":"2019-07-08T12:54:00","date_gmt":"2019-07-08T16:54:00","guid":{"rendered":"https:\/\/linitiative.ca\/International\/cour-supreme-said-barkat-place-en-detention-provisoire\/"},"modified":"2019-07-08T12:54:00","modified_gmt":"2019-07-08T16:54:00","slug":"cour-supreme-said-barkat-place-en-detention-provisoire","status":"publish","type":"post","link":"https:\/\/linitiative.ca\/International\/cour-supreme-said-barkat-place-en-detention-provisoire\/","title":{"rendered":"COUR SUPREME : Sa\u00efd Barkat plac\u00e9 en d\u00e9tention provisoire"},"content":{"rendered":"<p><br id=\"sep_para_1\" class=\"sep_para access\"\/><\/p>\n<div id=\"para_1\" class=\"para_32056457 resize\">\n<div class=\"texte access firstletter\">Tout comme Djamel Ould Abb\u00e8s, le s\u00e9nateur d\u00e9chu est poursuivi pour abus de fonction, falsification de documents officiels, de conclusion de march\u00e9s contraires \u00e0 la l\u00e9gislation et de dilapidation du denier public, l&rsquo;ex-s\u00e9nateur, Sa\u00efd Barkat, a comparu ce lundi devant le juge enqu\u00eateur pr\u00e8s la Cour supr\u00eame pour dilapidation de deniers publics, conclusion d&rsquo;un march\u00e9 en violation des dispositions l\u00e9gislatives et r\u00e9glementaires en vigueur et faux en \u00e9critures publiques lorsqu&rsquo;il \u00e9tait ministre de la Solidarit\u00e9 nationale et de la Famille. Le parquet g\u00e9n\u00e9ral pr\u00e8s la Cour supr\u00eame avait engag\u00e9 les proc\u00e9dures de poursuite judiciaire \u00e0 l&rsquo;encontre de Sa\u00efd Barbat, apr\u00e8s son renoncement \u00e0 son immunit\u00e9 parlementaire, selon les formes et dispositions pr\u00e9vues dans le code de proc\u00e9dure p\u00e9nale pour des faits punis par la loi. Il s&rsquo;agit des chefs d&rsquo;inculpation de \u00ab\u00a0dilapidation de deniers publics, conclusion d&rsquo;un march\u00e9 en violation des dispositions l\u00e9gislatives et r\u00e9glementaires en vigueur, abus de fonction et faux en \u00e9critures publiques\u00a0\u00bb. Le dossier de cette affaire avait \u00e9t\u00e9 transf\u00e9r\u00e9 au juge enqu\u00eateur d\u00e9sign\u00e9 \u00e0 cet effet pour prendre les mesures ad\u00e9quates. A noter que le juge enqu\u00eateur pr\u00e8s la Cour supr\u00eame avait ordonn\u00e9, ce dimanche, le placement de l&rsquo;ancien ministre de la Solidarit\u00e9 nationale et ex-s\u00e9nateur, Djamel Ould Abbes en d\u00e9tention provisoire \u00e0 la prison d&rsquo;El Harrach pour des affaires similaires. Pour rappel, Sa\u00efd Barkat a d\u00e9cid\u00e9 de renoncer \u00e0 son immunit\u00e9 parlementaire le 11 juin dernier, alors qu\u2019il \u00e9tait sous le coup d\u2019une proc\u00e9dure de lev\u00e9e d\u2019immunit\u00e9.<\/div>\n<\/div>\n<p>Auteur: Ismain<br \/>\n<a href=\"https:\/\/www.reflexiondz.net\/COUR-SUPREME-Said-Barkat-place-en-detention-provisoire_a56472.html\">Cliquez ici pour lire l&rsquo;article depuis sa source.<\/a><\/p>\n","protected":false},"excerpt":{"rendered":"<p>Tout comme Djamel Ould Abb\u00e8s, le s\u00e9nateur d\u00e9chu est poursuivi pour abus de fonction, falsification de documents officiels, de conclusion de march\u00e9s contraires \u00e0 la l\u00e9gislation et de dilapidation du denier public, l&rsquo;ex-s\u00e9nateur, Sa\u00efd Barkat, a comparu ce lundi devant le juge enqu\u00eateur pr\u00e8s la Cour supr\u00eame pour dilapidation de deniers publics, conclusion d&rsquo;un march\u00e9 [&hellip;]<\/p>\n","protected":false},"author":1740,"featured_media":0,"comment_status":"closed","ping_status":"closed","sticky":false,"template":"","format":"standard","meta":{"fifu_image_url":"","fifu_image_alt":"","footnotes":""},"categories":[53,76],"tags":[],"class_list":["post-45086","post","type-post","status-publish","format-standard","hentry","category-algerie","category-regions"],"_links":{"self":[{"href":"https:\/\/linitiative.ca\/International\/wp-json\/wp\/v2\/posts\/45086","targetHints":{"allow":["GET"]}}],"collection":[{"href":"https:\/\/linitiative.ca\/International\/wp-json\/wp\/v2\/posts"}],"about":[{"href":"https:\/\/linitiative.ca\/International\/wp-json\/wp\/v2\/types\/post"}],"author":[{"embeddable":true,"href":"https:\/\/linitiative.ca\/International\/wp-json\/wp\/v2\/users\/1740"}],"replies":[{"embeddable":true,"href":"https:\/\/linitiative.ca\/International\/wp-json\/wp\/v2\/comments?post=45086"}],"version-history":[{"count":0,"href":"https:\/\/linitiative.ca\/International\/wp-json\/wp\/v2\/posts\/45086\/revisions"}],"wp:attachment":[{"href":"https:\/\/linitiative.ca\/International\/wp-json\/wp\/v2\/media?parent=45086"}],"wp:term":[{"taxonomy":"category","embeddable":true,"href":"https:\/\/linitiative.ca\/International\/wp-json\/wp\/v2\/categories?post=45086"},{"taxonomy":"post_tag","embeddable":true,"href":"https:\/\/linitiative.ca\/International\/wp-json\/wp\/v2\/tags?post=45086"}],"curies":[{"name":"wp","href":"https:\/\/api.w.org\/{rel}","templated":true}]}}