{"id":45088,"date":"2019-07-08T12:54:00","date_gmt":"2019-07-08T16:54:00","guid":{"rendered":"https:\/\/linitiative.ca\/International\/affaires-religieuses-plus-de-2400-logements-reserves-aux-imams\/"},"modified":"2019-07-08T12:54:00","modified_gmt":"2019-07-08T16:54:00","slug":"affaires-religieuses-plus-de-2400-logements-reserves-aux-imams","status":"publish","type":"post","link":"https:\/\/linitiative.ca\/International\/affaires-religieuses-plus-de-2400-logements-reserves-aux-imams\/","title":{"rendered":"AFFAIRES RELIGIEUSES : Plus de 2400 logements r\u00e9serv\u00e9s aux imams"},"content":{"rendered":"<p><br id=\"sep_para_1\" class=\"sep_para access\"\/><\/p>\n<div id=\"para_1\" class=\"para_32056448 resize\">\n<div class=\"texte access firstletter\">Le ministre des Affaires Religieuses et des Wakfs, Youcef Belmahdi a fait \u00e9tat, \u00e0 Alger, de l&rsquo;affectation de 2440 logements, toutes formules confondues, \u00e0 des Imams, annon\u00e7ant la r\u00e9ception prochaine d&rsquo;un \u00ab\u00a0grand quota de logements\u00a0\u00bb au profit du secteur. Lors d&rsquo;une rencontre avec les cadres et responsables du secteur, le ministre a indiqu\u00e9 que 2440 unit\u00e9s de logement, toutes formules confondues, avaient \u00e9t\u00e9 affect\u00e9es \u00e0 des Imams et qu&rsquo;un autre \u00ab\u00a0quota de logements tout aussi important\u00a0\u00bb sera r\u00e9ceptionn\u00e9\u00a0 prochainement. A cette occasion, M. Belmahdi a exhort\u00e9 les Imams \u00e0 \u00ab\u00a0\u00eatre un exemple et un mod\u00e8le \u00e0 suivre en termes d&rsquo;engagement vis-\u00e0-vis de la fonction pour laquelle ils sont r\u00e9tribu\u00e9s et \u00e0 favoriser la mission de proximit\u00e9 au niveau de leurs quartiers et de leurs mosqu\u00e9es au service de la patrie\u00a0\u00bb. Par ailleurs, le ministre a fait savoir concernant le projet de loi criminalisant les agressions contre les Imams, que ce texte \u00ab\u00a0\u00e9tait en cours d&rsquo;\u00e9tude et verra le jour bient\u00f4t\u00a0\u00bb. Concernant le choix des membres de la commission du Hadj, M. Belmahdi a affirm\u00e9 qu'\u00a0\u00bbil ne s&rsquo;agit ni d&rsquo;un privil\u00e8ge, ni d&rsquo;un monopole\u00a0\u00bb, soutenant que ce choix proc\u00e8de de \u00ab\u00a0la recherche de comp\u00e9tences aptes \u00e0 op\u00e9rer le changement et r\u00e9aliser un saut qualitatif au profit des p\u00e8lerins alg\u00e9riens aux Lieux Saints\u00a0\u00bb. Sur un autre registre, M. Belmahdi a d\u00e9clar\u00e9 que son d\u00e9partement \u00ab\u00a0avait r\u00e9cup\u00e9r\u00e9 des centaines voire des milliers de biens wakfs et poursuit ses actions en justice pour en r\u00e9cup\u00e9rer d&rsquo;autres\u00a0\u00bb, appelant les responsables \u00e0 fournir davantage d&rsquo;efforts pour \u00e9riger ces biens en source de richesses pour le pays. Evoquant la conjoncture actuelle, le ministre a estim\u00e9 que l&rsquo;Alg\u00e9rie \u00e9tait confront\u00e9e \u00e0 de \u00ab\u00a0grands d\u00e9fis\u00a0\u00bb, invitant les cadres du secteur des Affaires religieuses \u00e0 \u00ab\u00a0\u0153uvrer ensemble pour \u00eatre un vecteur de propagation de la s\u00e9r\u00e9nit\u00e9 et \u00e0 contribuer \u00e0 mener l&rsquo;Alg\u00e9rie \u00e0 bon port\u00a0\u00bb.\u00a0\u00a0\u00a0\u00a0\u00a0\u00a0\u00a0\u00a0\u00a0\u00a0\u00a0\u00a0\u00a0\u00a0\u00a0\u00a0\u00a0\u00a0\u00a0\u00a0\u00a0\u00a0\u00a0\u00a0\u00a0\u00a0\u00a0\u00a0\u00a0\u00a0\u00a0<\/div>\n<\/div>\n<p>Auteur: Ismain<br \/>\n<a href=\"https:\/\/www.reflexiondz.net\/AFFAIRES-RELIGIEUSES-Plus-de-2400-logements-reserves-aux-imams_a56471.html\">Cliquez ici pour lire l&rsquo;article depuis sa source.<\/a><\/p>\n","protected":false},"excerpt":{"rendered":"<p>Le ministre des Affaires Religieuses et des Wakfs, Youcef Belmahdi a fait \u00e9tat, \u00e0 Alger, de l&rsquo;affectation de 2440 logements, toutes formules confondues, \u00e0 des Imams, annon\u00e7ant la r\u00e9ception prochaine d&rsquo;un \u00ab\u00a0grand quota de logements\u00a0\u00bb au profit du secteur. Lors d&rsquo;une rencontre avec les cadres et responsables du secteur, le ministre a indiqu\u00e9 que 2440 [&hellip;]<\/p>\n","protected":false},"author":1740,"featured_media":0,"comment_status":"closed","ping_status":"closed","sticky":false,"template":"","format":"standard","meta":{"fifu_image_url":"","fifu_image_alt":"","footnotes":""},"categories":[53,76],"tags":[],"class_list":["post-45088","post","type-post","status-publish","format-standard","hentry","category-algerie","category-regions"],"_links":{"self":[{"href":"https:\/\/linitiative.ca\/International\/wp-json\/wp\/v2\/posts\/45088","targetHints":{"allow":["GET"]}}],"collection":[{"href":"https:\/\/linitiative.ca\/International\/wp-json\/wp\/v2\/posts"}],"about":[{"href":"https:\/\/linitiative.ca\/International\/wp-json\/wp\/v2\/types\/post"}],"author":[{"embeddable":true,"href":"https:\/\/linitiative.ca\/International\/wp-json\/wp\/v2\/users\/1740"}],"replies":[{"embeddable":true,"href":"https:\/\/linitiative.ca\/International\/wp-json\/wp\/v2\/comments?post=45088"}],"version-history":[{"count":0,"href":"https:\/\/linitiative.ca\/International\/wp-json\/wp\/v2\/posts\/45088\/revisions"}],"wp:attachment":[{"href":"https:\/\/linitiative.ca\/International\/wp-json\/wp\/v2\/media?parent=45088"}],"wp:term":[{"taxonomy":"category","embeddable":true,"href":"https:\/\/linitiative.ca\/International\/wp-json\/wp\/v2\/categories?post=45088"},{"taxonomy":"post_tag","embeddable":true,"href":"https:\/\/linitiative.ca\/International\/wp-json\/wp\/v2\/tags?post=45088"}],"curies":[{"name":"wp","href":"https:\/\/api.w.org\/{rel}","templated":true}]}}