{"id":45090,"date":"2019-07-08T12:54:00","date_gmt":"2019-07-08T16:54:00","guid":{"rendered":"https:\/\/linitiative.ca\/International\/dechu-de-son-poste-de-p-apn-said-bouhadja-demande-justice-a-djemai\/"},"modified":"2019-07-08T12:54:00","modified_gmt":"2019-07-08T16:54:00","slug":"dechu-de-son-poste-de-p-apn-said-bouhadja-demande-justice-a-djemai","status":"publish","type":"post","link":"https:\/\/linitiative.ca\/International\/dechu-de-son-poste-de-p-apn-said-bouhadja-demande-justice-a-djemai\/","title":{"rendered":"DECHU DE SON POSTE DE P\/APN : Said Bouhadja demande justice \u00e0 Djemai"},"content":{"rendered":"<p><br id=\"sep_para_1\" class=\"sep_para access\"\/><\/p>\n<div id=\"para_1\" class=\"para_32056433 resize\">\n<div class=\"texte access firstletter\">Said Bouhadja, qui se consid\u00e8re toujours comme le pr\u00e9sident l\u00e9gitime de l\u2019APN, exprimant lundi son souhait de voir le nouveau patron du FLN le r\u00e9tablir dans son droit. \u00ab J\u2019attends que Mohamed Djemai me rende justice, car je me consid\u00e8re toujours comme le pr\u00e9sident l\u00e9gitime de l\u2019APN et si je dois aller en justice pour cela je le ferai \u00bb, a-t-il d\u00e9clar\u00e9 lundi, en marge d\u2019une r\u00e9union de la \u00ab Commission des sages du FLN \u00bb\u00a0\u00a0 Mais le nouveau patron du FLN, tout en expliquant que \u00ab Bouhadja n\u2019est pas candidat \u00bb, ajoute que ce dernier est toujours en attente de la r\u00e9ponse du Conseil d\u2019Etat qu\u2019il avait saisi, au lendemain de sa destitution en faveur de Moad Bouchareb. Toujours est-il que Said Bouhadja sera d\u00e9finitivement fix\u00e9 ce soit sur son sort, au terme de la r\u00e9union du groupe parlementaire du FLN qui doit d\u00e9signer son candidat pour l\u2019\u00e9lection qui aura lieu mercredi en fin de matin\u00e9e.<\/div>\n<\/div>\n<p>Auteur: Nadine<br \/>\n<a href=\"https:\/\/www.reflexiondz.net\/DECHU-DE-SON-POSTE-DE-P-APN-Said-Bouhadja-demande-justice-a-Djemai_a56468.html\">Cliquez ici pour lire l&rsquo;article depuis sa source.<\/a><\/p>\n","protected":false},"excerpt":{"rendered":"<p>Said Bouhadja, qui se consid\u00e8re toujours comme le pr\u00e9sident l\u00e9gitime de l\u2019APN, exprimant lundi son souhait de voir le nouveau patron du FLN le r\u00e9tablir dans son droit. \u00ab J\u2019attends que Mohamed Djemai me rende justice, car je me consid\u00e8re toujours comme le pr\u00e9sident l\u00e9gitime de l\u2019APN et si je dois aller en justice pour [&hellip;]<\/p>\n","protected":false},"author":1740,"featured_media":0,"comment_status":"closed","ping_status":"closed","sticky":false,"template":"","format":"standard","meta":{"fifu_image_url":"","fifu_image_alt":"","footnotes":""},"categories":[53,76],"tags":[],"class_list":["post-45090","post","type-post","status-publish","format-standard","hentry","category-algerie","category-regions"],"_links":{"self":[{"href":"https:\/\/linitiative.ca\/International\/wp-json\/wp\/v2\/posts\/45090","targetHints":{"allow":["GET"]}}],"collection":[{"href":"https:\/\/linitiative.ca\/International\/wp-json\/wp\/v2\/posts"}],"about":[{"href":"https:\/\/linitiative.ca\/International\/wp-json\/wp\/v2\/types\/post"}],"author":[{"embeddable":true,"href":"https:\/\/linitiative.ca\/International\/wp-json\/wp\/v2\/users\/1740"}],"replies":[{"embeddable":true,"href":"https:\/\/linitiative.ca\/International\/wp-json\/wp\/v2\/comments?post=45090"}],"version-history":[{"count":0,"href":"https:\/\/linitiative.ca\/International\/wp-json\/wp\/v2\/posts\/45090\/revisions"}],"wp:attachment":[{"href":"https:\/\/linitiative.ca\/International\/wp-json\/wp\/v2\/media?parent=45090"}],"wp:term":[{"taxonomy":"category","embeddable":true,"href":"https:\/\/linitiative.ca\/International\/wp-json\/wp\/v2\/categories?post=45090"},{"taxonomy":"post_tag","embeddable":true,"href":"https:\/\/linitiative.ca\/International\/wp-json\/wp\/v2\/tags?post=45090"}],"curies":[{"name":"wp","href":"https:\/\/api.w.org\/{rel}","templated":true}]}}