{"id":45109,"date":"2019-07-08T07:01:00","date_gmt":"2019-07-08T11:01:00","guid":{"rendered":"https:\/\/linitiative.ca\/International\/la-tunisie-peut-elle-devenir-un-pole-de-leconomie-du-savoir-dans-le-bassin-mediterraneen-et-en-afrique\/"},"modified":"2019-07-08T07:01:00","modified_gmt":"2019-07-08T11:01:00","slug":"la-tunisie-peut-elle-devenir-un-pole-de-leconomie-du-savoir-dans-le-bassin-mediterraneen-et-en-afrique","status":"publish","type":"post","link":"https:\/\/linitiative.ca\/International\/la-tunisie-peut-elle-devenir-un-pole-de-leconomie-du-savoir-dans-le-bassin-mediterraneen-et-en-afrique\/","title":{"rendered":"La Tunisie peut-elle devenir un p\u00f4le  de l&rsquo;\u00e9conomie du savoir dans le bassin m\u00e9diterran\u00e9en et en Afrique ?"},"content":{"rendered":"<p>L\u2019association des Talents Tunisiens Unis (TTU) organise vendredi 12 juillet son troisi\u00e8me atelier intitul\u00e9 : <span class=\"c2\"><strong>Transformation du syst\u00e8me \u00e9ducatif pour la comp\u00e9titivit\u00e9 et le d\u00e9veloppement durable<\/strong><\/span>.<br \/>Investir dans le capital humain par le biais de l&rsquo;\u00e9ducation a toujours \u00e9t\u00e9 une composante importante du d\u00e9veloppement national de la Tunisie. Le syst\u00e8me \u00e9ducatif national, cependant, fait face aujourd&rsquo;hui \u00e0 des d\u00e9fis qui l&#8217;emp\u00eachent d&rsquo;atteindre pleinement ses objectifs traditionnels : une soci\u00e9t\u00e9 inclusive et une croissance durable.<\/p>\n<p>Donner plus de valeur \u00e0 la formation professionnelle, moderniser le programme de formation des enseignants, am\u00e9liorer les programmes d&rsquo;enseignement, \u00e9tablir un partenariat entre les secteurs public et priv\u00e9 et mettre en place des pratiques de &lsquo;mentorat&rsquo; et de &lsquo;coaching&rsquo; constituent des r\u00e9formes essentielles pour parvenir au d\u00e9veloppement des jeunes talents tunisiens. Cela prend aussi en compte l&rsquo;\u00e9volution du syst\u00e8me \u00e9ducatif dans le monde visant \u00e0 r\u00e9pondre, en s&rsquo;y pr\u00e9parant, \u00e0 l&rsquo;\u00e9volution de l&rsquo;\u00e9conomie, de la technologie, et de la soci\u00e9t\u00e9.<\/p>\n<p>Faire de la Tunisie un p\u00f4le dans le bassin m\u00e9diterran\u00e9en et dans le continent africain comme \u00abEconomie du savoir\u00bb est une grande vision r\u00e9alisable. Le pays a le potentiel de le devenir. Relier les fili\u00e8res \u00e9ducatives au march\u00e9 de l&#8217;emploi et garantir l&rsquo;acc\u00e8s \u00e9gal \u00e0 toutes les r\u00e9gions du pays aux programmes et plateformes \u00e9ducatives et innovantes, et aussi int\u00e9grer un des syst\u00e8mes d&rsquo;accr\u00e9ditation international des curriculums et dipl\u00f4mes nationaux sont autant de d\u00e9fis \u00e0 relever.<\/p>\n<p>Des intervenants locaux et internationauxde haut calibre, du secteur public et priv\u00e9, seront au rendez-vous pour enrichir les discussions des panels.<\/p>\n<p><a href=\"\/uploads\/FCK_files\/TTU%20Education%20Workshop%20Agenda%2027062019.pdf\" target=\"_blank\" rel=\"noopener noreferrer\">T\u00e9l\u00e9charger le programme<\/a><\/p>\n<p>Auteur:<br \/>\n<a href=\"https:\/\/www.leaders.com.tn\/article\/27460-la-tunisie-peut-elle-devenir-un-pole-de-l-economie-du-savoir-dans-le-bassin-mediterraneen-et-en-afrique\">Cliquez ici pour lire l&rsquo;article depuis sa source.<\/a><\/p>\n","protected":false},"excerpt":{"rendered":"<p>L\u2019association des Talents Tunisiens Unis (TTU) organise vendredi 12 juillet son troisi\u00e8me atelier intitul\u00e9 : Transformation du syst\u00e8me \u00e9ducatif pour la comp\u00e9titivit\u00e9 et le d\u00e9veloppement durable.Investir dans le capital humain par le biais de l&rsquo;\u00e9ducation a toujours \u00e9t\u00e9 une composante importante du d\u00e9veloppement national de la Tunisie. Le syst\u00e8me \u00e9ducatif national, cependant, fait face aujourd&rsquo;hui [&hellip;]<\/p>\n","protected":false},"author":1772,"featured_media":0,"comment_status":"closed","ping_status":"closed","sticky":false,"template":"","format":"standard","meta":{"fifu_image_url":"","fifu_image_alt":"","footnotes":""},"categories":[73,55],"tags":[],"class_list":["post-45109","post","type-post","status-publish","format-standard","hentry","category-actualite","category-tunisie"],"_links":{"self":[{"href":"https:\/\/linitiative.ca\/International\/wp-json\/wp\/v2\/posts\/45109","targetHints":{"allow":["GET"]}}],"collection":[{"href":"https:\/\/linitiative.ca\/International\/wp-json\/wp\/v2\/posts"}],"about":[{"href":"https:\/\/linitiative.ca\/International\/wp-json\/wp\/v2\/types\/post"}],"author":[{"embeddable":true,"href":"https:\/\/linitiative.ca\/International\/wp-json\/wp\/v2\/users\/1772"}],"replies":[{"embeddable":true,"href":"https:\/\/linitiative.ca\/International\/wp-json\/wp\/v2\/comments?post=45109"}],"version-history":[{"count":0,"href":"https:\/\/linitiative.ca\/International\/wp-json\/wp\/v2\/posts\/45109\/revisions"}],"wp:attachment":[{"href":"https:\/\/linitiative.ca\/International\/wp-json\/wp\/v2\/media?parent=45109"}],"wp:term":[{"taxonomy":"category","embeddable":true,"href":"https:\/\/linitiative.ca\/International\/wp-json\/wp\/v2\/categories?post=45109"},{"taxonomy":"post_tag","embeddable":true,"href":"https:\/\/linitiative.ca\/International\/wp-json\/wp\/v2\/tags?post=45109"}],"curies":[{"name":"wp","href":"https:\/\/api.w.org\/{rel}","templated":true}]}}