{"id":45116,"date":"2019-07-08T05:30:25","date_gmt":"2019-07-08T09:30:25","guid":{"rendered":"https:\/\/linitiative.ca\/International\/can-2019-les-deux-derniers-tickets-pour-les-quarts-de-finale\/"},"modified":"2019-07-08T05:30:25","modified_gmt":"2019-07-08T09:30:25","slug":"can-2019-les-deux-derniers-tickets-pour-les-quarts-de-finale","status":"publish","type":"post","link":"https:\/\/linitiative.ca\/International\/can-2019-les-deux-derniers-tickets-pour-les-quarts-de-finale\/","title":{"rendered":"CAN 2019 : Les deux derniers tickets pour les quarts de finale"},"content":{"rendered":"<p><strong>Avant de d\u00e9rouler ses quarts, mercredi et jeudi, les derniers huiti\u00e8mes de finale de la Coupe d\u2019Afrique des Nations 2019 ont lieu ce lundi avec deux belles affiches : Mali \u2013 C\u00f4te d\u2019Ivoire et Ghana \u2013 Tunisie.<\/strong><\/p>\n<div class=\"c10\"\/>\n<p><strong>Mali VS C\u00f4te d\u2019Ivoire\u00a016H00 :<\/strong><\/p>\n<p>Le choc ouest fricain des 8\u00e8mes de finale mettra aux prises le Malli, qui n\u2019a quasiment plus connu le go\u00fbt de la d\u00e9faite en match officiel depuis deux ans, \u00e0 la C\u00f4te d\u2019Ivoire, ce lundi \u00e0 16H00.<\/p>\n<p>Le Mali et la C\u00f4te d\u2019Ivoire seront les premiers \u00e0 en d\u00e9coudre. Les Maliens ont boucl\u00e9 la phase de poule \u00e0 la premi\u00e8re place et invaincus (Mauritanie, 4-1\u00a0; Tunisie, 1-1\u00a0; Angola, 1-0) alors que les \u00c9l\u00e9phants ont d\u00fb se contenter d\u2019un accessit, leurs deux succ\u00e8s (Afrique du Sud, 1-0\u00a0; Namibie, 4-1) \u00e9tant plomb\u00e9s par leur d\u00e9faite face au Maroc (0-1), vainqueur du groupe.<\/p>\n<blockquote class=\"twitter-tweet\" data-width=\"550\" data-dnt=\"true\">\n<p lang=\"fr\" dir=\"ltr\">Une jeune g\u00e9n\u00e9ration a le monde \u00e0 ses pieds, mais vient d&rsquo;abord l&rsquo;Afrique \ud83c\udf0d<a href=\"https:\/\/twitter.com\/hashtag\/MLICIV?src=hash&#038;ref_src=twsrc%5Etfw\">#MLICIV<\/a> <a href=\"https:\/\/twitter.com\/hashtag\/TotalAFCON2019?src=hash&#038;ref_src=twsrc%5Etfw\">#TotalAFCON2019<\/a> <a href=\"https:\/\/t.co\/xQGj8Mn3vj\">pic.twitter.com\/xQGj8Mn3vj<\/a><\/p>\n<p>\u2014 CAF (FR) (@caf_online_FR) <a href=\"https:\/\/twitter.com\/caf_online_FR\/status\/1148014550035423233?ref_src=twsrc%5Etfw\">July 7, 2019<\/a><\/p>\n<\/blockquote>\n<p><strong>Ghana VS Tunisie\u00a019H00 :<\/strong><\/p>\n<p>Qualifi\u00e9e sans montrer grand chose de bon, <strong>la Tunisie est en plein doute alors que se pointe son huiti\u00e8me de finale face au Ghana<\/strong><strong>.<\/strong> Un r\u00e9veil est attendu, au moment o\u00f9 les Aigles de Carthage abordent les matchs \u00e0 \u00e9limination directe, une \u00e9tape qui leur est toujours fatale depuis la CAN 2004 remport\u00e9e \u00e0 domicile.<\/p>\n<blockquote class=\"twitter-tweet\" data-width=\"550\" data-dnt=\"true\">\n<p lang=\"fr\" dir=\"ltr\">Les <a href=\"https:\/\/twitter.com\/hashtag\/AiglesdeCarthage?src=hash&#038;ref_src=twsrc%5Etfw\">#AiglesdeCarthage<\/a> savent quoi faire pour r\u00e9ussir \ud83d\udc4a<a href=\"https:\/\/twitter.com\/hashtag\/GHATUN?src=hash&#038;ref_src=twsrc%5Etfw\">#GHATUN<\/a> <a href=\"https:\/\/twitter.com\/hashtag\/TotalAFCON2019?src=hash&#038;ref_src=twsrc%5Etfw\">#TotalAFCON2019<\/a> <a href=\"https:\/\/t.co\/l9oTlooyLX\">pic.twitter.com\/l9oTlooyLX<\/a><\/p>\n<p>\u2014 CAF (FR) (@caf_online_FR) <a href=\"https:\/\/twitter.com\/caf_online_FR\/status\/1148021377737404416?ref_src=twsrc%5Etfw\">July 8, 2019<\/a><\/p>\n<\/blockquote>\n<p>Le dernier huiti\u00e8me opposera donc le Ghana, vainqueur de sa poule mais avec seulement cinq petits points (B\u00e9nin, 2-2\u00a0; Cameroun, 0-0\u00a0; Guin\u00e9e-Bissau, 2-0) \u00e0 la Tunisie, deuxi\u00e8me avec trois malheureux points (Angola, 1-1\u00a0; Mali, 1-1\u00a0; Mauritanie, 0-0), d\u2019une poule domin\u00e9e par le Mali.<\/p>\n<blockquote class=\"twitter-tweet\" data-width=\"550\" data-dnt=\"true\">\n<p lang=\"fr\" dir=\"ltr\">Les <a href=\"https:\/\/twitter.com\/hashtag\/BlackStars?src=hash&#038;ref_src=twsrc%5Etfw\">#BlackStars<\/a> ont un gros affrontement pour prouver leur valeur ce soir. <a href=\"https:\/\/twitter.com\/hashtag\/GHATUN?src=hash&#038;ref_src=twsrc%5Etfw\">#GHATUN<\/a> <a href=\"https:\/\/twitter.com\/hashtag\/TotalAFCON2019?src=hash&#038;ref_src=twsrc%5Etfw\">#TotalAFCON2019<\/a> <a href=\"https:\/\/t.co\/H7ZWgg7eoE\">pic.twitter.com\/H7ZWgg7eoE<\/a><\/p>\n<p>\u2014 CAF (FR) (@caf_online_FR) <a href=\"https:\/\/twitter.com\/caf_online_FR\/status\/1148017480411033607?ref_src=twsrc%5Etfw\">July 7, 2019<\/a><\/p>\n<\/blockquote>\n<div class=\"c17\">\n<fieldset class=\"c16\">\n<legend><strong><span class=\"c11\">Challenge<\/span><span class=\"c12\">news<\/span><\/strong><\/legend>\n<div class=\"c15\">Le meilleur de la r\u00e9daction s\u00e9lectionn\u00e9 par Challenge :<\/p>\n<\/div>\n<\/fieldset>\n<\/div>\n<p>Auteur: Hajar DARI<br \/>\n<a href=\"https:\/\/www.challenge.ma\/can-2019-les-deux-derniers-tickets-pour-les-quarts-de-finale-112315\/\">Cliquez ici pour lire l&rsquo;article depuis sa source.<\/a><\/p>\n","protected":false},"excerpt":{"rendered":"<p>Avant de d\u00e9rouler ses quarts, mercredi et jeudi, les derniers huiti\u00e8mes de finale de la Coupe d\u2019Afrique des Nations 2019 ont lieu ce lundi avec deux belles affiches : Mali \u2013 C\u00f4te d\u2019Ivoire et Ghana \u2013 Tunisie. Mali VS C\u00f4te d\u2019Ivoire\u00a016H00 : Le choc ouest fricain des 8\u00e8mes de finale mettra aux prises le Malli, [&hellip;]<\/p>\n","protected":false},"author":1787,"featured_media":0,"comment_status":"closed","ping_status":"closed","sticky":false,"template":"","format":"standard","meta":{"fifu_image_url":"","fifu_image_alt":"","footnotes":""},"categories":[78,54],"tags":[],"class_list":["post-45116","post","type-post","status-publish","format-standard","hentry","category-economie","category-maroc"],"_links":{"self":[{"href":"https:\/\/linitiative.ca\/International\/wp-json\/wp\/v2\/posts\/45116","targetHints":{"allow":["GET"]}}],"collection":[{"href":"https:\/\/linitiative.ca\/International\/wp-json\/wp\/v2\/posts"}],"about":[{"href":"https:\/\/linitiative.ca\/International\/wp-json\/wp\/v2\/types\/post"}],"author":[{"embeddable":true,"href":"https:\/\/linitiative.ca\/International\/wp-json\/wp\/v2\/users\/1787"}],"replies":[{"embeddable":true,"href":"https:\/\/linitiative.ca\/International\/wp-json\/wp\/v2\/comments?post=45116"}],"version-history":[{"count":0,"href":"https:\/\/linitiative.ca\/International\/wp-json\/wp\/v2\/posts\/45116\/revisions"}],"wp:attachment":[{"href":"https:\/\/linitiative.ca\/International\/wp-json\/wp\/v2\/media?parent=45116"}],"wp:term":[{"taxonomy":"category","embeddable":true,"href":"https:\/\/linitiative.ca\/International\/wp-json\/wp\/v2\/categories?post=45116"},{"taxonomy":"post_tag","embeddable":true,"href":"https:\/\/linitiative.ca\/International\/wp-json\/wp\/v2\/tags?post=45116"}],"curies":[{"name":"wp","href":"https:\/\/api.w.org\/{rel}","templated":true}]}}